{"id":12240,"date":"2016-09-23T13:10:42","date_gmt":"2016-09-23T16:10:42","guid":{"rendered":"http:\/\/vocesdebaires.com.ar\/wordpress\/index.php\/2016\/09\/23\/el-museo-argentino-del-titere-sitio-de-interes-cultural\/"},"modified":"2016-09-23T13:10:42","modified_gmt":"2016-09-23T16:10:42","slug":"el-museo-argentino-del-titere-sitio-de-interes-cultural","status":"publish","type":"post","link":"https:\/\/vocesdebaires.com.ar\/index.php\/2016\/09\/23\/el-museo-argentino-del-titere-sitio-de-interes-cultural\/","title":{"rendered":"El Museo Argentino del T\u00edtere, sitio de Inter\u00e9s Cultural"},"content":{"rendered":"<p>La Legislatura declar\u00f3\u00a0 ayer Sitio de Inter\u00e9s Cultural de la Ciudad Aut\u00f3noma de Buenos Aires al \u00abMuseo Argentino del T\u00edtere\u00bb, dependiente de la Fundaci\u00f3n Mane Bernardo-Sarah Bianchi, en calle Piedras 905 del barrio San Telmo. All\u00ed ser\u00e1 colocada una placa honor\u00edfica.La Fundaci\u00f3n fue creada en 1983 con la presidencia de la profesora Magdalena Adelaida Bernardo, conocida como Mane Bernardo, y acompa\u00f1ada por la profesora Sarah Haydee Bianchi. Sus prop\u00f3sitos son propiciar la investigaci\u00f3n, tarea docente, art\u00edstica y literaria en el campo del teatro de t\u00edteres, en todas sus t\u00e9cnicas y posibilidades de aplicaci\u00f3n.<\/p>\n<p>Fue un lugar de convocatoria para aquellos grupos de titiriteros nacionales e internacionales, con preponderancia de latinoamericanos, que con la misma finalidad educativa y l\u00fadica para con los ni\u00f1os desearan mostrar su actividad. El museo conserva una colecci\u00f3n de mu\u00f1ecos de diferentes procedencias y algunos de ellos pertenecen al siglo XIX. Actualmente posee casi un millar, de los cu\u00e1les s\u00f3lo se expone un tercio por falta de espacio f\u00edsico. Constituye la colecci\u00f3n m\u00e1s importante de Latinoam\u00e9rica. La diputada Patricia Vischi (SUMA+) impuls\u00f3 la iniciativa.<\/p>\n<p>Distinguen al Bar La Perla, de La BocaEl bar \u00abLa Perla\u00bb, de Av. Pedro de Mendoza 1988 en el barrio de La Boca, fue declarado Sitio de Inter\u00e9s Cultural de la Ciudad y se colocar\u00e1 una placa que recuerde la distinci\u00f3n. Es uno de los m\u00e1s antiguos bares, abierto desde 1892. Integra el listado de los Bares Notables de la CABA y es un emblema barrial. En su interior se pueden encontrar fotograf\u00edas antiguas de la \u00e9poca en que La Boca sufr\u00eda grandes inundaciones, cuadros que reflejan im\u00e1genes del Riachuelo pintados por artistas boquenses, objetos antiguos y un silencioso piano que siempre espera la mano an\u00f3nima que quiera arrancarle un melanc\u00f3lico tango. El proyecto de resoluci\u00f3n fue presentado por el legislador Esteban Penayo (PRO).<\/p>\n<p>Por otra parte, la Legislatura declar\u00f3 que ver\u00eda con agrado que el Poder Ejecutivo incluya dentro del cat\u00e1logo de Bares Notables al Bar \u201cBarceloneta\u201d, de calle Bol\u00edvar 591en el barrio Monserrat, por su historia e importancia cultural. All\u00ed se reunieron en numerosas oportunidades intelectuales, escritores y artistas pl\u00e1sticos, convirti\u00e9ndolo de esta manera en un punto de reuni\u00f3n de la cultura en la ciudad. El bar promueve permanentemente diferente acciones culturales, encuentros literarios, exposiciones de pinturas, talleres de tango, presentaci\u00f3n de libros, ciclos de cine los d\u00edas martes, grupos de poes\u00eda, presentaciones de diversas expresiones musicales y los alumnos del Instituto Universitario Nacional del Arte realizan pr\u00e1cticas de cine. El diputado Hern\u00e1n Rossi (SUMA+) fue el autor de la iniciativa.<\/p>\n<p>Benepl\u00e1cito por \u00abLos Murci\u00e9lagos\u00bbLos diputados porte\u00f1os expresaron hoy su \u00abbenepl\u00e1cito\u00bb por el desempe\u00f1o del seleccionado argentino de futbol 5 paral\u00edmpico de ciegos \u201cLos Murci\u00e9lagos\u201d, por la obtenci\u00f3n de la medalla de bronce en los recientes Juegos Paral\u00edmpicos de Rio de Janeiro. En su trayectoria fueron Sub Campe\u00f3n Mundial, Brasil 1998; Campe\u00f3n de Am\u00e9rica, Argentina 1999; Sub Campe\u00f3n Mundial, Espa\u00f1a 2000; Campe\u00f3n Mundial, Brasil 2002; Medalla de Plata Par- Ol\u00edmpicos, Atenas 2004; Campe\u00f3n de Am\u00e9rica, Brasil 2005; Campe\u00f3n Mundial, Argentina 2006; Sub Campe\u00f3n Copa IBSA, Sao Pablo 2007; Sub Campe\u00f3n Panamericano R\u00edo 2007; Medalla de Bronce Beijing 2008 y Campe\u00f3n Mundial, Corea del Sur 2015. La diputada Silvia Gottero (BP) fue autora del proyecto.<\/p>\n<p>Independencia de ArmeniaEl Cuerpo parlamentario conmemor\u00f3 y adhiri\u00f3 a los festejos por el 25 aniversario de la proclamaci\u00f3n de la independencia de la Rep\u00fablica de Armenia, el 21 de septiembre. En 1991 se vot\u00f3 el refer\u00e9ndum sobre la liberaci\u00f3n de la URSS, el cual se llev\u00f3 a cabo en el contexto de soltar las restricciones desde Mosc\u00fa que se ven\u00edan sucediendo desde a\u00f1os precedentes, y que llevaron al colapso de la Uni\u00f3n Sovi\u00e9tica, el 25 de diciembre de 1991. Luego, Armenia fue aceptada como miembro efectivo de la comunidad internacional como un estado soberano, uni\u00e9ndose a las Naciones Unidas en 1992. El diputado Gustavo Vera (BC) fue el autor del proyecto de declaraci\u00f3n.<\/p>\n<p>Destacan al actor Miguel \u00c1ngel Sol\u00e1, entre otros El actor Miguel \u00c1ngel Sol\u00e1 fue declarado Personalidad Destacada de la Ciudad en el \u00e1mbito de la Cultura, por su trabajo en televisi\u00f3n, radio, cine y teatro y los galardones con diferentes premios a lo largo de su carrera. El legislador Octavio Calder\u00f3n (PRO) impuls\u00f3 el proyecto de ley. En el mismo sentido y por iniciativa del diputado Daniel Del Sol (PRO), fue distinguido en el \u00e1mbito cultural el m\u00fasico Roberto Livi por su destacada trayectoria como productor y compositor. Es reconocido internacionalmente y recibi\u00f3 variados premios por su labor. A su vez, la poetisa, escritora, profesora en letras y m\u00fasica N\u00e9lida Pessagno, fue destacada en reconocimiento a su extensa y exitosa carrera. Sus versos han sido incluidos en numerosas antolog\u00edas de poes\u00eda argentina e hispanoamericana, y las gestiones que realiz\u00f3 para salvar la Sociedad Argentina de Escritores -SADE- le valieron un gran reconocimiento p\u00fablico. El diputado Javier Gentilini (FR) impuls\u00f3 la iniciativa.\u00a0 Todos los despachos fueron aprobados con 56 votos positivos y las abstenciones de Fernando Vilardo (AyL) y Claudio Palmeyro (SP).<\/p>\n<p>Al Pacino y jurista alem\u00e1n, Hu\u00e9spedes de HonorEl Cuerpo parlamentario declar\u00f3 Hu\u00e9sped de Honor de la Ciudad Aut\u00f3noma de Buenos Aires al actor estadounidense Al Pacino, quien visitar\u00e1 la ciudad para la presentaci\u00f3n de la pel\u00edcula \u00abRe sentimental\u00bb. Asimismo, el homenajeado tiene como objetivo exponer en el Teatro Col\u00f3n la obra \u00abChina Doll\u00bb, que actualmente est\u00e1 siendo exhibida en Broadway. Es reconocido mundialmente y recibi\u00f3 diversas distinciones a lo largo de su carrera. Los legisladores Octavio Calder\u00f3n y Carmen Polledo (PRO) son autores del proyecto de declaraci\u00f3n.<\/p>\n<p>En el mismo sentido, fue distinguido el profesor y jurista alem\u00e1n Urs Kindh\u00e4user, que visitar\u00e1 la Ciudad y expondr\u00e1 el 29 de septiembre del corriente a\u00f1o en la Universidad Austral sobre \u00abComplicidad mediante conductas neutrales\u00bb. Es autor de m\u00faltiples obras jur\u00eddicas y art\u00edculos de sus \u00e1mbitos acad\u00e9micos, y ha hecho un aporte trascendental a la ciencia jur\u00eddica. La diputada Mar\u00eda Rosa Mui\u00f1os (BP) impuls\u00f3 la iniciativa.<\/p>\n<p>Disponen placas recordatoriasEste ayer jueves se aprob\u00f3 la colocaci\u00f3n de una placa conmemorativa por el Bicentenario de la creaci\u00f3n de la Bandera de los Andes en la Plaza Ej\u00e9rcito de Los Andes, con la siguiente leyenda: \u00abEn el Bicentenario de la creaci\u00f3n de la Bandera de los Andes, rinden homenaje al estandarte de Libertad Latinoamericana la Legislatura de la Ciudad Aut\u00f3noma de Buenos Aires, la Comuna 10 y vecinos del Barrio de Villa Luro. 1816-2016\u00bb. El diputado Gabriel Fuks (FpV) es autor de la iniciativa.<\/p>\n<p>Tambi\u00e9n se colocar\u00e1 otra placa sobre basamento en el Parque Lezama, esquina de Brasil y Defensa, en honor al lugar donde el escritor Ernesto S\u00e1bato se inspir\u00f3 y comenz\u00f3 su obra cumbre \u00abSobre H\u00e9roes y Tumbas\u00bb, que expresar\u00e1: \u00abHay una manera de contribuir a la protecci\u00f3n de la humanidad y es no resignarse. Ernesto S\u00e1bato\u00bb. Los diputados Marcelo Guouman y Patricia Vischi (SUMA+) impulsaron el proyecto de resoluci\u00f3n. Adem\u00e1s, por iniciativa de los legisladores Diego Garc\u00eda Vilas y Graciela Oca\u00f1a (CP), se homenajear\u00e1 a la poetisa argentina Alejandra Pizarnik, en calle Montevideo 980 del barrio San Nicol\u00e1s. Dir\u00e1: \u00abAqu\u00ed vivi\u00f3 la poeta Alejandra Pizarnik (1936-1972). Homenaje de la Legislatura de la Ciudad Aut\u00f3noma de Buenos Aires, 2016\u00bb.<\/p>\n<p>En tanto, se dispuso colocar una placa en la Plaza de la Rep\u00fablica en homenaje al arquitecto Alberto Prebisch Linares, creador del Obelisco, al conmemorarse el 80 aniversario de la obra. Los diputados Eduardo Santamarina, L\u00eda Rueda, Carmen Polledo y Paula Villalba (PRO) son autores del proyecto de resoluci\u00f3n. Por \u00faltimo, una placa se colocar\u00e1 en la Legislatura recordando el octog\u00e9simo aniversario de la inauguraci\u00f3n del Congreso de los Escritores, celebrado entre el 5 y el 15 de septiembre de 1936. La reuni\u00f3n internacional tuvo mucha relevancia y constituy\u00f3 un hecho hist\u00f3rico. El legislador Claudio Heredia (BP) fue el proponente.<\/p>\n<p>Foto: legisladora Patricia Vischi (SUMA+) autora distinci\u00f3n al Museo Argentino del T\u00edtere.<\/p>\n","protected":false},"excerpt":{"rendered":"<p>La Legislatura declar\u00f3\u00a0 ayer Sitio de Inter\u00e9s Cultural de la Ciudad Aut\u00f3noma de Buenos Aires al \u00abMuseo Argentino del T\u00edtere\u00bb, dependiente de la Fundaci\u00f3n Mane Bernardo-Sarah Bianchi, en calle Piedras 905 del barrio San Telmo. All\u00ed ser\u00e1 colocada una placa honor\u00edfica.La Fundaci\u00f3n fue creada en 1983 con la presidencia de la profesora Magdalena Adelaida Bernardo, [&hellip;]<\/p>\n","protected":false},"author":2,"featured_media":11898,"comment_status":"open","ping_status":"open","sticky":false,"template":"","format":"standard","meta":{"_et_pb_use_builder":"","_et_pb_old_content":"","_et_gb_content_width":"","footnotes":""},"categories":[11,33],"tags":[],"class_list":["post-12240","post","type-post","status-publish","format-standard","has-post-thumbnail","hentry","category-ciudad","category-sociedad-y-cultura-2"],"_links":{"self":[{"href":"https:\/\/vocesdebaires.com.ar\/index.php\/wp-json\/wp\/v2\/posts\/12240"}],"collection":[{"href":"https:\/\/vocesdebaires.com.ar\/index.php\/wp-json\/wp\/v2\/posts"}],"about":[{"href":"https:\/\/vocesdebaires.com.ar\/index.php\/wp-json\/wp\/v2\/types\/post"}],"author":[{"embeddable":true,"href":"https:\/\/vocesdebaires.com.ar\/index.php\/wp-json\/wp\/v2\/users\/2"}],"replies":[{"embeddable":true,"href":"https:\/\/vocesdebaires.com.ar\/index.php\/wp-json\/wp\/v2\/comments?post=12240"}],"version-history":[{"count":0,"href":"https:\/\/vocesdebaires.com.ar\/index.php\/wp-json\/wp\/v2\/posts\/12240\/revisions"}],"wp:featuredmedia":[{"embeddable":true,"href":"https:\/\/vocesdebaires.com.ar\/index.php\/wp-json\/wp\/v2\/media\/11898"}],"wp:attachment":[{"href":"https:\/\/vocesdebaires.com.ar\/index.php\/wp-json\/wp\/v2\/media?parent=12240"}],"wp:term":[{"taxonomy":"category","embeddable":true,"href":"https:\/\/vocesdebaires.com.ar\/index.php\/wp-json\/wp\/v2\/categories?post=12240"},{"taxonomy":"post_tag","embeddable":true,"href":"https:\/\/vocesdebaires.com.ar\/index.php\/wp-json\/wp\/v2\/tags?post=12240"}],"curies":[{"name":"wp","href":"https:\/\/api.w.org\/{rel}","templated":true}]}}