{"id":12264,"date":"2016-09-22T09:26:29","date_gmt":"2016-09-22T12:26:29","guid":{"rendered":"http:\/\/vocesdebaires.com.ar\/wordpress\/index.php\/2016\/09\/22\/derechos-promueven-el-cupo-laboral-transexual\/"},"modified":"2016-09-22T09:26:29","modified_gmt":"2016-09-22T12:26:29","slug":"derechos-promueven-el-cupo-laboral-transexual","status":"publish","type":"post","link":"https:\/\/vocesdebaires.com.ar\/index.php\/2016\/09\/22\/derechos-promueven-el-cupo-laboral-transexual\/","title":{"rendered":"Derechos: Promueven el cupo laboral transexual"},"content":{"rendered":"<p>Se present\u00f3 proyecto de la Ley de Cupo Laboral Trans en el sal\u00f3n San Mart\u00edn de la Legislatura. La iniciativa fue impulsada por el legislador porte\u00f1o Gabriel Fuks (FPV), qui\u00e9n comparti\u00f3 mesa con su par Maximiliano Ferraro (CC).  Fuks afirm\u00f3 que el proyecto \u201ctiene que ver\u00a0 con los derechos\u201d porque \u201cya pas\u00f3 el tiempo de la visibilidad y hoy es el tiempo de lucha\u201d. Ferraro explic\u00f3 que la futura ley buscar\u00eda \u201cuna reparaci\u00f3n pol\u00edtica del estado\u201d y destac\u00f3 que es necesaria la articulaci\u00f3n del trabajo legislativo con \u201cel mayor acuerdo entre las organizaciones del colectivo trans y LGBTIQ (Lesbianas, Gays, Bisexuales, Trans, Intersexuales y Queers)\u201d<\/p>\n<p>Gabriela Arbelino de Trans Autoconvocados, dijo que hay \u201cque colaborar para fortalecer este frente\u201d, ya que las organizaciones presentes se constituyeron en el Frente Nacional por la Inclusi\u00f3n de la Diversidad Sexual. Adem\u00e1s pidi\u00f3 que \u201cno nos den nada con cara de l\u00e1stima, sino que nos lo den como derecho\u201d Diana Arabena de Putos Peronistas, afirm\u00f3 que \u201cel trabajo es el gran igualador social\u201d y con el cupo laboral trans tambi\u00e9n se lograr\u00eda \u201cromper con la estigmatizaci\u00f3n y la l\u00f3gica del gueto\u201d ya que se integrar\u00eda a la minor\u00eda.\u00a0 Para finalizar su alocuci\u00f3n cit\u00f3 una canci\u00f3n de Vox Dei, para recordar su historia de militancia: \u201cya no importan nuestros cuerpos castigados, s\u00f3lo cuentan las almas que han luchado\u201d.<\/p>\n<p>Alba Rueda, de la organizaci\u00f3n Mujeres Trans, explic\u00f3 \u201cque estemos aqu\u00ed en la Legislatura, es el resultado de la lucha de ellos y ellas\u201d y record\u00f3 a las dirigentes Diana Sacay\u00e1n y Lohana Berkins. Adem\u00e1s pidi\u00f3 \u201cque se reivindique a las compa\u00f1eras muertas en las rutas\u201d, entre otras perseguidas, violadas, maltratadas, golpeadas y asesinadas. Alejandro Iglesias, de Amigos Trans, conocido popularmente por su participaci\u00f3n en Gran Hermano, alert\u00f3 que el promedio de vida de un trans es de 35 a\u00f1os.<\/p>\n<p>Daniela Ruiz, de Arte Trans, subray\u00f3 que \u201cmi vocaci\u00f3n est\u00e1 ligada al arte y no a la prostituci\u00f3n\u201d y ley\u00f3 un documento en el que cont\u00f3 las experiencias con \u201cteatro con obras autorreferenciales\u201d a la problem\u00e1tica transexual, as\u00ed como la interpretaci\u00f3n de \u201cobras can\u00f3nicas desde nuestra perspectiva\u201d.  Marcela Tobaldi, de La C\u00e1mpora Diversa, dijo que \u201cla transfobia est\u00e1 en todos lados\u201d y pas\u00f3 revista a la historia donde abarc\u00f3 a \u201clas religiones tradicionales, la justicia y la medicina\u201d que hablaron de la \u201cnaturalidad de la heterosexualidad\u201d; pero record\u00f3 que \u201ctenemos derechos y queremos vivir como todos y todas\u201d<\/p>\n<p>Para finalizar, Paula Arraigada, de Diversidad Popular La Corriente, convoc\u00f3 a los presentes a \u201cdefender los derechos de la diversidad sexual\u201d y estim\u00f3 que \u201clos trans no tienen acceso\u201d a la salud, educaci\u00f3n y trabajo, para lo cual es necesario \u201cuna construcci\u00f3n colectiva\u201d. Durante el acto tambi\u00e9n estuvieron los diputados Paula Oliveto Lago (CC), Claudio Heredia (BP), Paula Penacca (FPV), Andrea Conde (FPV), Pablo Ferreyra (FPV) y Gabriela Alegre (con mandato cumplido), entre otros representantes pol\u00edticos y sociales.<\/p>\n<p>Foto: En el centro, los diputados Fuks y Ferraro, junto a dirigentes trans &lt;a&gt;<\/a><\/p>\n","protected":false},"excerpt":{"rendered":"<p>Se present\u00f3 proyecto de la Ley de Cupo Laboral Trans en el sal\u00f3n San Mart\u00edn de la Legislatura. La iniciativa fue impulsada por el legislador porte\u00f1o Gabriel Fuks (FPV), qui\u00e9n comparti\u00f3 mesa con su par Maximiliano Ferraro (CC). Fuks afirm\u00f3 que el proyecto \u201ctiene que ver\u00a0 con los derechos\u201d porque \u201cya pas\u00f3 el tiempo de [&hellip;]<\/p>\n","protected":false},"author":2,"featured_media":12265,"comment_status":"open","ping_status":"open","sticky":false,"template":"","format":"standard","meta":{"_et_pb_use_builder":"","_et_pb_old_content":"","_et_gb_content_width":"","footnotes":""},"categories":[11,33],"tags":[],"class_list":["post-12264","post","type-post","status-publish","format-standard","has-post-thumbnail","hentry","category-ciudad","category-sociedad-y-cultura-2"],"_links":{"self":[{"href":"https:\/\/vocesdebaires.com.ar\/index.php\/wp-json\/wp\/v2\/posts\/12264"}],"collection":[{"href":"https:\/\/vocesdebaires.com.ar\/index.php\/wp-json\/wp\/v2\/posts"}],"about":[{"href":"https:\/\/vocesdebaires.com.ar\/index.php\/wp-json\/wp\/v2\/types\/post"}],"author":[{"embeddable":true,"href":"https:\/\/vocesdebaires.com.ar\/index.php\/wp-json\/wp\/v2\/users\/2"}],"replies":[{"embeddable":true,"href":"https:\/\/vocesdebaires.com.ar\/index.php\/wp-json\/wp\/v2\/comments?post=12264"}],"version-history":[{"count":0,"href":"https:\/\/vocesdebaires.com.ar\/index.php\/wp-json\/wp\/v2\/posts\/12264\/revisions"}],"wp:featuredmedia":[{"embeddable":true,"href":"https:\/\/vocesdebaires.com.ar\/index.php\/wp-json\/wp\/v2\/media\/12265"}],"wp:attachment":[{"href":"https:\/\/vocesdebaires.com.ar\/index.php\/wp-json\/wp\/v2\/media?parent=12264"}],"wp:term":[{"taxonomy":"category","embeddable":true,"href":"https:\/\/vocesdebaires.com.ar\/index.php\/wp-json\/wp\/v2\/categories?post=12264"},{"taxonomy":"post_tag","embeddable":true,"href":"https:\/\/vocesdebaires.com.ar\/index.php\/wp-json\/wp\/v2\/tags?post=12264"}],"curies":[{"name":"wp","href":"https:\/\/api.w.org\/{rel}","templated":true}]}}