{"id":12266,"date":"2016-09-22T09:19:21","date_gmt":"2016-09-22T12:19:21","guid":{"rendered":"http:\/\/vocesdebaires.com.ar\/wordpress\/index.php\/2016\/09\/22\/relaciones-internacionales-visita-de-senadores-canadienses\/"},"modified":"2016-09-22T09:19:21","modified_gmt":"2016-09-22T12:19:21","slug":"relaciones-internacionales-visita-de-senadores-canadienses","status":"publish","type":"post","link":"https:\/\/vocesdebaires.com.ar\/index.php\/2016\/09\/22\/relaciones-internacionales-visita-de-senadores-canadienses\/","title":{"rendered":"Relaciones Internacionales: Visita de senadores canadienses"},"content":{"rendered":"<p>La Legislatura de la Ciudad Aut\u00f3noma de Buenos Aires dio la bienvenida\u00a0 ayer a la comitiva de senadores de Canad\u00e1 que se encuentran de visita en nuestro pa\u00eds hasta el pr\u00f3ximo s\u00e1bado acompa\u00f1ados por el Embajador en Argentina y Paraguay, Robert Fry.<\/p>\n<p>Los miembros de la Comisi\u00f3n Permanente de Asuntos Extranjeros y Comercio Internacional del Senado canadiense fueron recibidos en el Sal\u00f3n \u00abEva Per\u00f3n\u00bb de la sede parlamentaria con el objeto de profundizar el conocimiento sobre nuestro pa\u00eds. Los visitantes mantienen audiencias con funcionarios y representantes del \u00e1mbito p\u00fablico y privado como parte del an\u00e1lisis de la nueva impronta econ\u00f3mica y pol\u00edtica de Argentina y su impacto en la din\u00e1mica regional y global.<\/p>\n<p>La comitiva fue encabezada por la presidenta de la Comisi\u00f3n y miembro del Partido Conservador, senadora Raynell Andreychuk &#8211; representante de Saskatchewan; sus pares por la misma parcialidad pol\u00edtica Thanh Hai Ngo -Ontario, Salma Saleem Ataullahjan &#8211; Toronto, Ontario; Leo Housakos &#8211; Wellington, Quebec; y por el Partido Liberal: Percy Edward Downe &#8211; Charlottetown, Prince Edward Island; y Jane Cordy &#8211; Nova Scotia. La recepci\u00f3n estuvo a cargo de la Vicepresidente Primera de la Legislatura, diputada Carmen Polledo y de los\u00a0legisladores \u00a0Cecilia De la Torre, Omar Abboud (Pro) y Gabriel Fuks (FpV).<\/p>\n<p>Polledo refiri\u00f3 que \u00absi bien existen importantes diferencias entre los cuerpos parlamentarios incluso en el n\u00famero de miembros y costumbres, a ambos nos corresponde legislar y \u00e9ste es el gran desaf\u00edo com\u00fan, el contacto con la realidad\u00bb. \u00abArgentina y Canad\u00e1 -a\u00f1adi\u00f3- tienen mucho que decirse y m\u00e1s all\u00e1 de la situaci\u00f3n geogr\u00e1fica, en el extremo norte y sur del continente americano, tenemos una gran oportunidad de cooperaci\u00f3n, de vincularnos, de tender puentes en un mundo globalizado\u00bb. E inst\u00f3 \u00aba revitalizar estrategias afianzando lazos comerciales y posibilidades de inversi\u00f3n\u00bb.<\/p>\n<p>El Senado de Canad\u00e1 es uno de los componentes del Parlamento junto con la monarca representada por el Gobernador General y la C\u00e1mara de los Comunes. Est\u00e1 localizado en la llamada Colina del Parlamento, en Ottawa -Ontario, la capital del pa\u00eds. Fue creado en 1867 por el Parlamento del Reino Unido y est\u00e1 integrado por 105 senadores. Canad\u00e1 y Argentina mantienen relaciones diplom\u00e1ticas desde el a\u00f1o 1940. El primer embajador canadiense, Warwick Chipman, comenz\u00f3 su misi\u00f3n en 1945. No obstante, la primera delegaci\u00f3n comercial de Canad\u00e1 en Am\u00e9rica del Sur se hab\u00eda establecido en Buenos Aires en 1911 con el delegado comercial H.R. Poussette.<\/p>\n<p>Ambas naciones mantienen una relaci\u00f3n productiva y multifac\u00e9tica construida sobre el compromiso compartido hacia el multilateralismo y sobre las perspectivas similares que poseen en asuntos tales como el mantenimiento de la paz, la no-proliferaci\u00f3n nuclear, derechos humanos, el medioambiente, el fortalecimiento de la democracia y la lucha contra el terrorismo. La Embajada en Argentina administra el Fondo Canad\u00e1 para Iniciativas Locales (FCIL), que provee apoyo para financiar proyectos de asistencia al desarrollo a peque\u00f1a escala. Desde 2007, Canad\u00e1 apoy\u00f3 sesenta y dos propuestas en nuestro pa\u00eds por un monto de 600.000 d\u00f3lares canadienses.<\/p>\n<p>Foto: Vista del sal\u00f3n \u00abEva Per\u00f3n\u00bb durante el encuentro entre parlamentarios.<\/p>\n","protected":false},"excerpt":{"rendered":"<p>La Legislatura de la Ciudad Aut\u00f3noma de Buenos Aires dio la bienvenida\u00a0 ayer a la comitiva de senadores de Canad\u00e1 que se encuentran de visita en nuestro pa\u00eds hasta el pr\u00f3ximo s\u00e1bado acompa\u00f1ados por el Embajador en Argentina y Paraguay, Robert Fry. Los miembros de la Comisi\u00f3n Permanente de Asuntos Extranjeros y Comercio Internacional del [&hellip;]<\/p>\n","protected":false},"author":2,"featured_media":12267,"comment_status":"open","ping_status":"open","sticky":false,"template":"","format":"standard","meta":{"_et_pb_use_builder":"","_et_pb_old_content":"","_et_gb_content_width":"","footnotes":""},"categories":[11,33],"tags":[],"class_list":["post-12266","post","type-post","status-publish","format-standard","has-post-thumbnail","hentry","category-ciudad","category-sociedad-y-cultura-2"],"_links":{"self":[{"href":"https:\/\/vocesdebaires.com.ar\/index.php\/wp-json\/wp\/v2\/posts\/12266"}],"collection":[{"href":"https:\/\/vocesdebaires.com.ar\/index.php\/wp-json\/wp\/v2\/posts"}],"about":[{"href":"https:\/\/vocesdebaires.com.ar\/index.php\/wp-json\/wp\/v2\/types\/post"}],"author":[{"embeddable":true,"href":"https:\/\/vocesdebaires.com.ar\/index.php\/wp-json\/wp\/v2\/users\/2"}],"replies":[{"embeddable":true,"href":"https:\/\/vocesdebaires.com.ar\/index.php\/wp-json\/wp\/v2\/comments?post=12266"}],"version-history":[{"count":0,"href":"https:\/\/vocesdebaires.com.ar\/index.php\/wp-json\/wp\/v2\/posts\/12266\/revisions"}],"wp:featuredmedia":[{"embeddable":true,"href":"https:\/\/vocesdebaires.com.ar\/index.php\/wp-json\/wp\/v2\/media\/12267"}],"wp:attachment":[{"href":"https:\/\/vocesdebaires.com.ar\/index.php\/wp-json\/wp\/v2\/media?parent=12266"}],"wp:term":[{"taxonomy":"category","embeddable":true,"href":"https:\/\/vocesdebaires.com.ar\/index.php\/wp-json\/wp\/v2\/categories?post=12266"},{"taxonomy":"post_tag","embeddable":true,"href":"https:\/\/vocesdebaires.com.ar\/index.php\/wp-json\/wp\/v2\/tags?post=12266"}],"curies":[{"name":"wp","href":"https:\/\/api.w.org\/{rel}","templated":true}]}}