{"id":12274,"date":"2016-09-21T09:56:32","date_gmt":"2016-09-21T12:56:32","guid":{"rendered":"http:\/\/vocesdebaires.com.ar\/wordpress\/index.php\/2016\/09\/21\/ciudad-celebra-la-llegada-del-ano-nuevo-judio\/"},"modified":"2016-09-21T09:56:32","modified_gmt":"2016-09-21T12:56:32","slug":"ciudad-celebra-la-llegada-del-ano-nuevo-judio","status":"publish","type":"post","link":"https:\/\/vocesdebaires.com.ar\/index.php\/2016\/09\/21\/ciudad-celebra-la-llegada-del-ano-nuevo-judio\/","title":{"rendered":"Ciudad: Celebra la llegada del a\u00f1o nuevo jud\u00edo"},"content":{"rendered":"<p>El centro de Buenos Aires acogi\u00f3 la celebraci\u00f3n de un festival urbano con motivo del Rosh Hashana, el a\u00f1o nuevo jud\u00edo, que incluy\u00f3 una amplia variedad de propuestas gastron\u00f3micas y actividades culturales. Integrantes de la comunidad jud\u00eda argentina, la m\u00e1s grande de Latinoam\u00e9rica, pudieron disfrutar de una celebraci\u00f3n \u201curbana\u201d de la festividad religiosa, un evento que organiz\u00f3 la asociaci\u00f3n Limud BA por segundo a\u00f1o consecutivo en Buenos Aires.<\/p>\n<p>El Rosh Hashana Urbano, es, seg\u00fan la p\u00e1gina web de la organizaci\u00f3n, un \u201cespacio abierto pluralista y de encuentro\u201d, que tiene como objetivo celebrar en las calles de la capital argentina la llegada del a\u00f1o 5777, de acuerdo con el calendario jud\u00edo.<\/p>\n<p>As\u00ed, los organizadores invitaron a reflexionar \u201cpor la construcci\u00f3n de una sociedad m\u00e1s justa, humana y libre a trav\u00e9s de la m\u00fasica, la gastronom\u00eda, charlas, humor y actividades recreativas para chicos\u201d. Los festejos de reunieron a humoristas y agrupaciones musicales como Kef, la Orquesta Infantil y Juvenil de la comunidad jud\u00eda AMIA y Tango Klezmer, entre otros.<\/p>\n<p>Tambi\u00e9n organizaron un microcine y diferentes espacios de debate donde los asistentes pudieron profundizar en el acervo cultural y la producci\u00f3n literaria y cinematogr\u00e1fica del pueblo jud\u00edo, al mismo tiempo que repasaron sobre sus or\u00edgenes. EFE<\/p>\n<p> Foto: Limud Buenos Aires v\u00eda Facebook<\/p>\n","protected":false},"excerpt":{"rendered":"<p>El centro de Buenos Aires acogi\u00f3 la celebraci\u00f3n de un festival urbano con motivo del Rosh Hashana, el a\u00f1o nuevo jud\u00edo, que incluy\u00f3 una amplia variedad de propuestas gastron\u00f3micas y actividades culturales. Integrantes de la comunidad jud\u00eda argentina, la m\u00e1s grande de Latinoam\u00e9rica, pudieron disfrutar de una celebraci\u00f3n \u201curbana\u201d de la festividad religiosa, un evento [&hellip;]<\/p>\n","protected":false},"author":2,"featured_media":12275,"comment_status":"open","ping_status":"open","sticky":false,"template":"","format":"standard","meta":{"_et_pb_use_builder":"","_et_pb_old_content":"","_et_gb_content_width":"","footnotes":""},"categories":[11,33],"tags":[],"class_list":["post-12274","post","type-post","status-publish","format-standard","has-post-thumbnail","hentry","category-ciudad","category-sociedad-y-cultura-2"],"_links":{"self":[{"href":"https:\/\/vocesdebaires.com.ar\/index.php\/wp-json\/wp\/v2\/posts\/12274"}],"collection":[{"href":"https:\/\/vocesdebaires.com.ar\/index.php\/wp-json\/wp\/v2\/posts"}],"about":[{"href":"https:\/\/vocesdebaires.com.ar\/index.php\/wp-json\/wp\/v2\/types\/post"}],"author":[{"embeddable":true,"href":"https:\/\/vocesdebaires.com.ar\/index.php\/wp-json\/wp\/v2\/users\/2"}],"replies":[{"embeddable":true,"href":"https:\/\/vocesdebaires.com.ar\/index.php\/wp-json\/wp\/v2\/comments?post=12274"}],"version-history":[{"count":0,"href":"https:\/\/vocesdebaires.com.ar\/index.php\/wp-json\/wp\/v2\/posts\/12274\/revisions"}],"wp:featuredmedia":[{"embeddable":true,"href":"https:\/\/vocesdebaires.com.ar\/index.php\/wp-json\/wp\/v2\/media\/12275"}],"wp:attachment":[{"href":"https:\/\/vocesdebaires.com.ar\/index.php\/wp-json\/wp\/v2\/media?parent=12274"}],"wp:term":[{"taxonomy":"category","embeddable":true,"href":"https:\/\/vocesdebaires.com.ar\/index.php\/wp-json\/wp\/v2\/categories?post=12274"},{"taxonomy":"post_tag","embeddable":true,"href":"https:\/\/vocesdebaires.com.ar\/index.php\/wp-json\/wp\/v2\/tags?post=12274"}],"curies":[{"name":"wp","href":"https:\/\/api.w.org\/{rel}","templated":true}]}}