{"id":1228,"date":"2020-08-20T03:00:00","date_gmt":"2020-08-20T06:00:00","guid":{"rendered":"http:\/\/vocesdebaires.com.ar\/wordpress\/index.php\/2020\/08\/20\/tension-con-manteros-en-reapertura-de-comercios\/"},"modified":"2020-08-20T03:00:00","modified_gmt":"2020-08-20T06:00:00","slug":"tension-con-manteros-en-reapertura-de-comercios","status":"publish","type":"post","link":"https:\/\/vocesdebaires.com.ar\/index.php\/2020\/08\/20\/tension-con-manteros-en-reapertura-de-comercios\/","title":{"rendered":"Tensi\u00f3n con manteros en reapertura de comercios"},"content":{"rendered":"<p>Con el aval de Naci\u00f3n, el Gobierno de la Ciudad de Buenos Aires y los vendedores de Once llegaron a un acuerdo, por lo que desde este mi\u00e9rcoles volvieron a abrir los comercios no esenciales. As\u00ed, fueron habilitados para funcionar d\u00eda por medio, de acuerdo a la terminaci\u00f3n del n\u00famero de CUIT. Pero durante la reapertura de los comercios, se registraron momentos de tensi\u00f3n con un grupo de manteros que fueron desalojados por personal de Brigada de la Comisar\u00eda Comunal 3. El enfrentamiento fue tal que inclusive tres personas quedaron detenidas por resistencia a la autoridad cuando se les indic\u00f3 que estaban violando la cuarentena, seg\u00fan se inform\u00f3 de manera oficial.\u00a0\u00a0Entre la mercader\u00eda secuestrada hab\u00eda gran cantidad de prendas truchas, por lo que se inici\u00f3 una causa por violaci\u00f3n a la Ley de Marcas, en la que interviene el Juzgado Federal 6.<\/p>\n<p>Los negocios no esenciales est\u00e1n habilitados a funcionar de 11 a 21, de acuerdo a la finalizaci\u00f3n del CUIT de los vendedores: si el \u00faltimo n\u00famero es par (0, 2, 4, 6, 8) abrir\u00e1n los d\u00edas pares y, si termina en n\u00famero impar (1, 3, 5, 7, 9), lo har\u00e1n los d\u00edas impares. El permiso de reapertura llega tras una serie de reclamos por parte de los comerciantes, ahogados econ\u00f3micamente por la falta de actividad. Ante esta situaci\u00f3n, muchos recurrieron a la pr\u00e1ctica de abrir a pesar de la prohibici\u00f3n, pero con las persianas semibajas. En tanto, desde el viernes estar\u00e1n habilitados los comercios de la avenida Avellaneda, en el barrio de Flores. Tambi\u00e9n ser\u00e1 de acuerdo a la terminaci\u00f3n del n\u00famero de CUIT, en el horario de 11 a 21. Tanto en Flores como en Once, para los clientes se mantendr\u00e1 vigente la medida que dispone el permiso para poder realizar compras en los comercios seg\u00fan la terminaci\u00f3n del Documento Nacional de Identidad (DNI).<\/p>\n","protected":false},"excerpt":{"rendered":"<p>Con el aval de Naci\u00f3n, el Gobierno de la Ciudad de Buenos Aires y los vendedores de Once llegaron a un acuerdo, por lo que desde este mi\u00e9rcoles volvieron a abrir los comercios no esenciales. As\u00ed, fueron habilitados para funcionar d\u00eda por medio, de acuerdo a la terminaci\u00f3n del n\u00famero de CUIT. Pero durante la [&hellip;]<\/p>\n","protected":false},"author":1,"featured_media":1229,"comment_status":"open","ping_status":"open","sticky":false,"template":"","format":"standard","meta":{"_et_pb_use_builder":"","_et_pb_old_content":"","_et_gb_content_width":"","footnotes":""},"categories":[11,32],"tags":[],"class_list":["post-1228","post","type-post","status-publish","format-standard","has-post-thumbnail","hentry","category-ciudad","category-comunas"],"_links":{"self":[{"href":"https:\/\/vocesdebaires.com.ar\/index.php\/wp-json\/wp\/v2\/posts\/1228"}],"collection":[{"href":"https:\/\/vocesdebaires.com.ar\/index.php\/wp-json\/wp\/v2\/posts"}],"about":[{"href":"https:\/\/vocesdebaires.com.ar\/index.php\/wp-json\/wp\/v2\/types\/post"}],"author":[{"embeddable":true,"href":"https:\/\/vocesdebaires.com.ar\/index.php\/wp-json\/wp\/v2\/users\/1"}],"replies":[{"embeddable":true,"href":"https:\/\/vocesdebaires.com.ar\/index.php\/wp-json\/wp\/v2\/comments?post=1228"}],"version-history":[{"count":0,"href":"https:\/\/vocesdebaires.com.ar\/index.php\/wp-json\/wp\/v2\/posts\/1228\/revisions"}],"wp:featuredmedia":[{"embeddable":true,"href":"https:\/\/vocesdebaires.com.ar\/index.php\/wp-json\/wp\/v2\/media\/1229"}],"wp:attachment":[{"href":"https:\/\/vocesdebaires.com.ar\/index.php\/wp-json\/wp\/v2\/media?parent=1228"}],"wp:term":[{"taxonomy":"category","embeddable":true,"href":"https:\/\/vocesdebaires.com.ar\/index.php\/wp-json\/wp\/v2\/categories?post=1228"},{"taxonomy":"post_tag","embeddable":true,"href":"https:\/\/vocesdebaires.com.ar\/index.php\/wp-json\/wp\/v2\/tags?post=1228"}],"curies":[{"name":"wp","href":"https:\/\/api.w.org\/{rel}","templated":true}]}}