{"id":12289,"date":"2016-09-20T10:51:57","date_gmt":"2016-09-20T13:51:57","guid":{"rendered":"http:\/\/vocesdebaires.com.ar\/wordpress\/index.php\/2016\/09\/20\/en-la-ciudad-larreta-recorrio-la-futura-villa-olimpica\/"},"modified":"2016-09-20T10:51:57","modified_gmt":"2016-09-20T13:51:57","slug":"en-la-ciudad-larreta-recorrio-la-futura-villa-olimpica","status":"publish","type":"post","link":"https:\/\/vocesdebaires.com.ar\/index.php\/2016\/09\/20\/en-la-ciudad-larreta-recorrio-la-futura-villa-olimpica\/","title":{"rendered":"En la Ciudad Larreta recorri\u00f3 la futura Villa Ol\u00edmpica"},"content":{"rendered":"<p>El jefe de Gobierno de la Ciudad de Buenos Aires, Horacio Rodr\u00edguez Larreta, recorri\u00f3\u00a0 ayer lunes las obras de la Villa Ol\u00edmpica, que ser\u00e1n sede de los Juegos Ol\u00edmpicos de la Juventud Buenos Aires 2018, y destac\u00f3 que se trata del proyecto \u201cm\u00e1s grande que se est\u00e1 desarrollando en la Ciudad\u201d. En ese marco, se mostr\u00f3 esperanzado con que la organizaci\u00f3n de ese encuentro deportivo le abra a la Ciudad las puertas a una potencial candidatura para organizar los Juegos Ol\u00edmpicos de 2028.<\/p>\n<p>\u201cEs la obra m\u00e1s grande que se est\u00e1 llevando adelante en toda la Ciudad. Y son dos sue\u00f1os: primero, realizar por primera vez en la historia de Buenos Aires unos Juegos Ol\u00edmpicos, y despu\u00e9s para el barrio, porque estos edificios que se est\u00e1n construyendo se van a traducir en viviendas sociales para la gente\u201d, resalt\u00f3 el Jefe de Gobierno. Acompa\u00f1ado por el ministro de Desarrollo Urbano y Transporte de la Ciudad, Franco Moccia, y por el Director Ejecutivo del Comit\u00e9 Organizador de los Juegos Ol\u00edmpicos de la Juventud Buenos Aires 2018, Leandro Larrosa, Rodr\u00edguez Larreta resalt\u00f3 el desarrollo a la zona sur que le va a dar la obra.<\/p>\n<p>Ubicada en el barrio de Villa Soldati, la Villa Ol\u00edmpica es un complejo de viviendas que hospedar\u00e1n a alrededor de 7.000 atletas y entrenadores durante los Juegos Ol\u00edmpicos de la Juventud Buenos Aires 2018. Al respecto, Rodr\u00edguez Larreta no descart\u00f3 que los Juegos de la Juventud sean la plataforma para una candidatura de la Ciudad para ser sede de la cita ol\u00edmpica en 2028. \u201cTenemos la gran oportunidad de tener la experiencia de los Juegos de la Juventud en 2018, con lo cual para la elecci\u00f3n de los Juegos Ol\u00edmpicos del 2028, que se hace en 2020, vamos a tener la experiencia bien presente, vamos a poder mostrar lo que estoy seguro va a ser un gran \u00e9xito de la Ciudad\u201d, subray\u00f3. Por \u00faltimo, adelant\u00f3 que una vez finalizado los Juegos de la Juventud, la Ciudad le dar\u00e1 el control del lugar al Cenard para que no quede \u201ccomo en alguna otra ciudad, una Villa Ol\u00edmpica fantasma\u201d. Moccia, en tanto, explic\u00f3 que la obra completa estar\u00e1 finalizada \u201cpara el primer trimestre de 2018\u201d, meses antes de los Juegos, y valor\u00f3 la importancia de las obras de infraestructura que se est\u00e1 realizando en el lugar.<\/p>\n<p>Por su parte, Larrosa marc\u00f3 la importancia que tiene el proyecto para la Ciudad y para el deporte argentino. \u201cEl desarrollo del Parque Ol\u00edmpico va a dar la oportunidad de alojar por primera vez al lado de una Villa Ol\u00edmpica, al 50 % de todas las sedes deportivas que necesitamos. Para el resto se van a utilizar sedes ya existentes. El desarrollo de este Parque Ol\u00edmpico en el Parque Roca es la inversi\u00f3n en infraestructura deportiva m\u00e1s grande de la historia de nuestro pa\u00eds\u201d, sostuvo.<\/p>\n<p>Las obras, que abarcan 125.000 metros cuadrados, consisten en alrededor de 1.200 viviendas de uno, dos y tres ambientes, agrupadas en 31 edificios con \u00e1rea comercial e infraestructura de servicio y equipamiento urbano complementaria al uso residencial, adem\u00e1s de calles, parques y servicios p\u00fablicos. Una vez finalizado el certamen ol\u00edmpico, las unidades habitacionales ser\u00e1n destinadas a las familias de la zona, por lo que el futuro barrio revitalizar\u00e1 y transformar\u00e1 el desarrollo del sur de la Ciudad.<\/p>\n","protected":false},"excerpt":{"rendered":"<p>El jefe de Gobierno de la Ciudad de Buenos Aires, Horacio Rodr\u00edguez Larreta, recorri\u00f3\u00a0 ayer lunes las obras de la Villa Ol\u00edmpica, que ser\u00e1n sede de los Juegos Ol\u00edmpicos de la Juventud Buenos Aires 2018, y destac\u00f3 que se trata del proyecto \u201cm\u00e1s grande que se est\u00e1 desarrollando en la Ciudad\u201d. En ese marco, se [&hellip;]<\/p>\n","protected":false},"author":2,"featured_media":12290,"comment_status":"open","ping_status":"open","sticky":false,"template":"","format":"standard","meta":{"_et_pb_use_builder":"","_et_pb_old_content":"","_et_gb_content_width":"","footnotes":""},"categories":[11,32],"tags":[],"class_list":["post-12289","post","type-post","status-publish","format-standard","has-post-thumbnail","hentry","category-ciudad","category-comunas"],"_links":{"self":[{"href":"https:\/\/vocesdebaires.com.ar\/index.php\/wp-json\/wp\/v2\/posts\/12289"}],"collection":[{"href":"https:\/\/vocesdebaires.com.ar\/index.php\/wp-json\/wp\/v2\/posts"}],"about":[{"href":"https:\/\/vocesdebaires.com.ar\/index.php\/wp-json\/wp\/v2\/types\/post"}],"author":[{"embeddable":true,"href":"https:\/\/vocesdebaires.com.ar\/index.php\/wp-json\/wp\/v2\/users\/2"}],"replies":[{"embeddable":true,"href":"https:\/\/vocesdebaires.com.ar\/index.php\/wp-json\/wp\/v2\/comments?post=12289"}],"version-history":[{"count":0,"href":"https:\/\/vocesdebaires.com.ar\/index.php\/wp-json\/wp\/v2\/posts\/12289\/revisions"}],"wp:featuredmedia":[{"embeddable":true,"href":"https:\/\/vocesdebaires.com.ar\/index.php\/wp-json\/wp\/v2\/media\/12290"}],"wp:attachment":[{"href":"https:\/\/vocesdebaires.com.ar\/index.php\/wp-json\/wp\/v2\/media?parent=12289"}],"wp:term":[{"taxonomy":"category","embeddable":true,"href":"https:\/\/vocesdebaires.com.ar\/index.php\/wp-json\/wp\/v2\/categories?post=12289"},{"taxonomy":"post_tag","embeddable":true,"href":"https:\/\/vocesdebaires.com.ar\/index.php\/wp-json\/wp\/v2\/tags?post=12289"}],"curies":[{"name":"wp","href":"https:\/\/api.w.org\/{rel}","templated":true}]}}