{"id":12291,"date":"2016-09-20T10:45:16","date_gmt":"2016-09-20T13:45:16","guid":{"rendered":"http:\/\/vocesdebaires.com.ar\/wordpress\/index.php\/2016\/09\/20\/tango-sin-fin-concurso-internacional-de-nuevos-ensambles-de-tango\/"},"modified":"2016-09-20T10:45:16","modified_gmt":"2016-09-20T13:45:16","slug":"tango-sin-fin-concurso-internacional-de-nuevos-ensambles-de-tango","status":"publish","type":"post","link":"https:\/\/vocesdebaires.com.ar\/index.php\/2016\/09\/20\/tango-sin-fin-concurso-internacional-de-nuevos-ensambles-de-tango\/","title":{"rendered":"Tango Sin Fin: \u201cConcurso Internacional de Nuevos Ensambles de Tango\u201d"},"content":{"rendered":"<p>La asociaci\u00f3n civil Tango Sin Fin, creadora del encuentro Tango Para M\u00fasicos, anuncia el lanzamiento de los Premios Tango Sin Fin a trav\u00e9s del \u201cPrimer Concurso Internacional de Nuevos Ensambles de Tango\u201d, dise\u00f1ado con la intenci\u00f3n de impulsar el desarrollo y la calidad interpretativa de los nuevos ensambles y orquestas de tango de todas las latitudes. Dicho concurso premiar\u00e1 a cinco ensambles considerando como ejes centrales para su selecci\u00f3n a las propuestas musicales que, partiendo de los elementos fundamentales del g\u00e9nero, presenten una b\u00fasqueda de evoluci\u00f3n e innovaci\u00f3n desde la interpretaci\u00f3n de nuevos arreglos y composiciones.<\/p>\n<p>La participaci\u00f3n en el concurso estar\u00e1 abierta a ensambles de cualquier nacionalidad formados por j\u00f3venes m\u00fasicos cuyo promedio de edad no supere los 40 a\u00f1os y podr\u00e1n inscribirse\u00a0 desde el 15 de septiembre hasta el 11 de noviembre de 2016\u00a0 tambi\u00e9n podes encontrar las bases y condiciones de \u201cPrimer Concurso Internacional de Nuevos Ensambles de Tango\u201d se encuentran en\u00a0<a href=\"http:\/\/www.tangosinfin.org.ar\/\"&gt;&lt;span style=\"text-decoration: underline;\"&gt;&lt;span style=\"color: #0066cc;\"&gt; &lt;\/span&gt;&lt;\/span&gt;<\/a>a trav\u00e9s de la web <a href=\"http:\/\/www.tangosinfin.org.ar\"&gt;www.tangosinfin.org.ar<\/a>.<\/p>\n<p>Un jurado conformado por cinco referentes del g\u00e9nero elegir\u00e1 entre todos los inscriptos a diez ensambles finalistas que deber\u00e1n viajar a Buenos Aires para presentarse en las rondas de finalistas del concurso los d\u00edas s\u00e1bado 18 y domingo 19 de febrero de 2017, dentro del ciclo de conciertos del encuentro Tango Para M\u00fasicos 2017 que se realizar\u00e1 en varias salas del Centro Cultural Kirchner. Cinco ensambles resultar\u00e1n finalmente ganadores y recibir\u00e1n importantes premios como impulso para el desarrollo de su trayectoria art\u00edstica.<\/p>\n","protected":false},"excerpt":{"rendered":"<p>La asociaci\u00f3n civil Tango Sin Fin, creadora del encuentro Tango Para M\u00fasicos, anuncia el lanzamiento de los Premios Tango Sin Fin a trav\u00e9s del \u201cPrimer Concurso Internacional de Nuevos Ensambles de Tango\u201d, dise\u00f1ado con la intenci\u00f3n de impulsar el desarrollo y la calidad interpretativa de los nuevos ensambles y orquestas de tango de todas las [&hellip;]<\/p>\n","protected":false},"author":2,"featured_media":12292,"comment_status":"open","ping_status":"open","sticky":false,"template":"","format":"standard","meta":{"_et_pb_use_builder":"","_et_pb_old_content":"","_et_gb_content_width":"","footnotes":""},"categories":[37,6],"tags":[],"class_list":["post-12291","post","type-post","status-publish","format-standard","has-post-thumbnail","hentry","category-espectaculos","category-musica-y-shows"],"_links":{"self":[{"href":"https:\/\/vocesdebaires.com.ar\/index.php\/wp-json\/wp\/v2\/posts\/12291"}],"collection":[{"href":"https:\/\/vocesdebaires.com.ar\/index.php\/wp-json\/wp\/v2\/posts"}],"about":[{"href":"https:\/\/vocesdebaires.com.ar\/index.php\/wp-json\/wp\/v2\/types\/post"}],"author":[{"embeddable":true,"href":"https:\/\/vocesdebaires.com.ar\/index.php\/wp-json\/wp\/v2\/users\/2"}],"replies":[{"embeddable":true,"href":"https:\/\/vocesdebaires.com.ar\/index.php\/wp-json\/wp\/v2\/comments?post=12291"}],"version-history":[{"count":0,"href":"https:\/\/vocesdebaires.com.ar\/index.php\/wp-json\/wp\/v2\/posts\/12291\/revisions"}],"wp:featuredmedia":[{"embeddable":true,"href":"https:\/\/vocesdebaires.com.ar\/index.php\/wp-json\/wp\/v2\/media\/12292"}],"wp:attachment":[{"href":"https:\/\/vocesdebaires.com.ar\/index.php\/wp-json\/wp\/v2\/media?parent=12291"}],"wp:term":[{"taxonomy":"category","embeddable":true,"href":"https:\/\/vocesdebaires.com.ar\/index.php\/wp-json\/wp\/v2\/categories?post=12291"},{"taxonomy":"post_tag","embeddable":true,"href":"https:\/\/vocesdebaires.com.ar\/index.php\/wp-json\/wp\/v2\/tags?post=12291"}],"curies":[{"name":"wp","href":"https:\/\/api.w.org\/{rel}","templated":true}]}}