{"id":1230,"date":"2020-08-20T03:00:00","date_gmt":"2020-08-20T06:00:00","guid":{"rendered":"http:\/\/vocesdebaires.com.ar\/wordpress\/index.php\/2020\/08\/20\/buenos-aires-y-chile-celebran-un-puente-cultural\/"},"modified":"2020-08-20T03:00:00","modified_gmt":"2020-08-20T06:00:00","slug":"buenos-aires-y-chile-celebran-un-puente-cultural","status":"publish","type":"post","link":"https:\/\/vocesdebaires.com.ar\/index.php\/2020\/08\/20\/buenos-aires-y-chile-celebran-un-puente-cultural\/","title":{"rendered":"Buenos Aires y Chile celebran un puente cultural"},"content":{"rendered":"<p>Ante el objetivo com\u00fan de garantizar el acceso a la cultura de forma online y gratuita, y trazar puentes culturales promoviendo la vida art\u00edstica y cultural en la regi\u00f3n, el Ministerio de Cultura de la Ciudad de Buenos Aires y el Ministerio de las Culturas, las Artes y el Patrimonio de Chile, comienzan un intercambio cultural, que se concretar\u00e1 con la articulaci\u00f3n de su programaci\u00f3n, este jueves 20 de agosto, desde las plataformas digitales Cultura en Casa y Elegir Cultura.A partir desde hoy jueves podr\u00e1n verse en la web Cultura en Casa los siguientes contenidos, que adem\u00e1s quedar\u00e1n alojados en la secci\u00f3n Qu\u00e9 hacer\/Descubrir la cultura del mundo del mundo: Orquesta de C\u00e1mara de Chile en la 51\u00b0 Semanas Musicales de Frutillar. Concierto dirigido por el maestro David del Pino Klinge. Obras de Puccini, Bellini, Verdi, Mozart, Faur\u00e9, Beethoven.<\/p>\n<p>Acerca de esta iniciativa, el ministro de Cultura de la Ciudad de Buenos Aires, Enrique Avogadro, manifest\u00f3: \u201cCelebramos esta oportunidad de trazar un puente cultural con Chile, que nos va a permitir intercambiar contenidos y experiencias, acercarnos a su vida art\u00edstica y cultural, y proyectar l\u00edneas de trabajo a futuro. Sentimos una profunda alegr\u00eda por unir a estos dos pa\u00edses hermanos. La pandemia nos pone ante el desaf\u00edo de lograr que todas las personas sigan siendo protagonistas de la cultura en este contexto. Entendiendo que la cultura es una herramienta para el bienestar general y para construir ciudadan\u00eda. Esperamos, entonces, que todos puedan disfrutarlo\u201d. Por su parte, la ministra de las Culturas, las Artes y el Patrimonio, Consuelo Vald\u00e9s Chadwick, sostuvo: \u201cCelebramos este puente cultural con una ciudad riqu\u00edsima en expresiones art\u00edsticas como es Buenos Aires. Los invito a sorprenderse con estas propuestas, sigamos promoviendo nuestros contenidos, y crucemos juntos este maravilloso puente\u201d.<\/p>\n","protected":false},"excerpt":{"rendered":"<p>Ante el objetivo com\u00fan de garantizar el acceso a la cultura de forma online y gratuita, y trazar puentes culturales promoviendo la vida art\u00edstica y cultural en la regi\u00f3n, el Ministerio de Cultura de la Ciudad de Buenos Aires y el Ministerio de las Culturas, las Artes y el Patrimonio de Chile, comienzan un intercambio [&hellip;]<\/p>\n","protected":false},"author":1,"featured_media":1231,"comment_status":"open","ping_status":"open","sticky":false,"template":"","format":"standard","meta":{"_et_pb_use_builder":"","_et_pb_old_content":"","_et_gb_content_width":"","footnotes":""},"categories":[11,33],"tags":[],"class_list":["post-1230","post","type-post","status-publish","format-standard","has-post-thumbnail","hentry","category-ciudad","category-sociedad-y-cultura-2"],"_links":{"self":[{"href":"https:\/\/vocesdebaires.com.ar\/index.php\/wp-json\/wp\/v2\/posts\/1230"}],"collection":[{"href":"https:\/\/vocesdebaires.com.ar\/index.php\/wp-json\/wp\/v2\/posts"}],"about":[{"href":"https:\/\/vocesdebaires.com.ar\/index.php\/wp-json\/wp\/v2\/types\/post"}],"author":[{"embeddable":true,"href":"https:\/\/vocesdebaires.com.ar\/index.php\/wp-json\/wp\/v2\/users\/1"}],"replies":[{"embeddable":true,"href":"https:\/\/vocesdebaires.com.ar\/index.php\/wp-json\/wp\/v2\/comments?post=1230"}],"version-history":[{"count":0,"href":"https:\/\/vocesdebaires.com.ar\/index.php\/wp-json\/wp\/v2\/posts\/1230\/revisions"}],"wp:featuredmedia":[{"embeddable":true,"href":"https:\/\/vocesdebaires.com.ar\/index.php\/wp-json\/wp\/v2\/media\/1231"}],"wp:attachment":[{"href":"https:\/\/vocesdebaires.com.ar\/index.php\/wp-json\/wp\/v2\/media?parent=1230"}],"wp:term":[{"taxonomy":"category","embeddable":true,"href":"https:\/\/vocesdebaires.com.ar\/index.php\/wp-json\/wp\/v2\/categories?post=1230"},{"taxonomy":"post_tag","embeddable":true,"href":"https:\/\/vocesdebaires.com.ar\/index.php\/wp-json\/wp\/v2\/tags?post=1230"}],"curies":[{"name":"wp","href":"https:\/\/api.w.org\/{rel}","templated":true}]}}