{"id":12346,"date":"2016-07-04T12:12:01","date_gmt":"2016-07-04T15:12:01","guid":{"rendered":"http:\/\/vocesdebaires.com.ar\/wordpress\/index.php\/2016\/07\/04\/constitucion-casi-terminado-el-principal-centro-de-trasbordo\/"},"modified":"2016-07-04T12:12:01","modified_gmt":"2016-07-04T15:12:01","slug":"constitucion-casi-terminado-el-principal-centro-de-trasbordo","status":"publish","type":"post","link":"https:\/\/vocesdebaires.com.ar\/index.php\/2016\/07\/04\/constitucion-casi-terminado-el-principal-centro-de-trasbordo\/","title":{"rendered":"Constituci\u00f3n: Casi terminado el principal Centro de Trasbordo"},"content":{"rendered":"<p>A fines de octubre de 2012, las autoridades hab\u00edan desalojado del lugar a unos 30 puestos callejeros y desarmaron las estructuras met\u00e1licas que manten\u00edan sin permiso. Luego llegaron las refacciones en las d\u00e1rsenas, en los refugios para esperar el colectivo y en la iluminaci\u00f3n de la zona (ahora con tecnolog\u00eda led), pero la plaza siempre se mantuvo cerrada.La Ciudad lleva adelante varias obras para revalorizar los centros de trasbordo, mejorar su iluminaci\u00f3n y seguridad.<\/p>\n<p>Recientemente comenzaron los trabajos en los alrededores de Puente Pac\u00edfico, donde las autoridades planean construir d\u00e1rsenas exclusivos para los colectivos desde el t\u00fanel Carranza hasta la Plaza Italia. En Once, en tanto, trabajan en la \u00faltima etapa de las obras que se iniciaron el a\u00f1o pasado y que buscan mejorar la zona donde confluyen el tren Sarmiento, el subte y una veintena de l\u00edneas de colectivo. Donde no hubo avances es en Chacarita, pues las obras est\u00e1n frenadas por la Justicia a ra\u00edz de un recurso de amparo.<\/p>\n<p>FOTO:\u00e1reas-digital<\/p>\n","protected":false},"excerpt":{"rendered":"<p>A fines de octubre de 2012, las autoridades hab\u00edan desalojado del lugar a unos 30 puestos callejeros y desarmaron las estructuras met\u00e1licas que manten\u00edan sin permiso. Luego llegaron las refacciones en las d\u00e1rsenas, en los refugios para esperar el colectivo y en la iluminaci\u00f3n de la zona (ahora con tecnolog\u00eda led), pero la plaza siempre [&hellip;]<\/p>\n","protected":false},"author":2,"featured_media":12347,"comment_status":"open","ping_status":"open","sticky":false,"template":"","format":"standard","meta":{"_et_pb_use_builder":"","_et_pb_old_content":"","_et_gb_content_width":"","footnotes":""},"categories":[11,32],"tags":[],"class_list":["post-12346","post","type-post","status-publish","format-standard","has-post-thumbnail","hentry","category-ciudad","category-comunas"],"_links":{"self":[{"href":"https:\/\/vocesdebaires.com.ar\/index.php\/wp-json\/wp\/v2\/posts\/12346"}],"collection":[{"href":"https:\/\/vocesdebaires.com.ar\/index.php\/wp-json\/wp\/v2\/posts"}],"about":[{"href":"https:\/\/vocesdebaires.com.ar\/index.php\/wp-json\/wp\/v2\/types\/post"}],"author":[{"embeddable":true,"href":"https:\/\/vocesdebaires.com.ar\/index.php\/wp-json\/wp\/v2\/users\/2"}],"replies":[{"embeddable":true,"href":"https:\/\/vocesdebaires.com.ar\/index.php\/wp-json\/wp\/v2\/comments?post=12346"}],"version-history":[{"count":0,"href":"https:\/\/vocesdebaires.com.ar\/index.php\/wp-json\/wp\/v2\/posts\/12346\/revisions"}],"wp:featuredmedia":[{"embeddable":true,"href":"https:\/\/vocesdebaires.com.ar\/index.php\/wp-json\/wp\/v2\/media\/12347"}],"wp:attachment":[{"href":"https:\/\/vocesdebaires.com.ar\/index.php\/wp-json\/wp\/v2\/media?parent=12346"}],"wp:term":[{"taxonomy":"category","embeddable":true,"href":"https:\/\/vocesdebaires.com.ar\/index.php\/wp-json\/wp\/v2\/categories?post=12346"},{"taxonomy":"post_tag","embeddable":true,"href":"https:\/\/vocesdebaires.com.ar\/index.php\/wp-json\/wp\/v2\/tags?post=12346"}],"curies":[{"name":"wp","href":"https:\/\/api.w.org\/{rel}","templated":true}]}}