{"id":12352,"date":"2016-07-04T11:59:58","date_gmt":"2016-07-04T14:59:58","guid":{"rendered":"http:\/\/vocesdebaires.com.ar\/wordpress\/index.php\/2016\/07\/04\/salud-jornada-sobre-comunicacion-y-adicciones\/"},"modified":"2016-07-04T11:59:58","modified_gmt":"2016-07-04T14:59:58","slug":"salud-jornada-sobre-comunicacion-y-adicciones","status":"publish","type":"post","link":"https:\/\/vocesdebaires.com.ar\/index.php\/2016\/07\/04\/salud-jornada-sobre-comunicacion-y-adicciones\/","title":{"rendered":"Salud: Jornada sobre comunicaci\u00f3n y adicciones"},"content":{"rendered":"<p>En el sal\u00f3n San Mart\u00edn de la Legislatura porte\u00f1a, se realiz\u00f3 una charla sobre el problema de las adicciones, organizado por la subsecretaria de Comunicaci\u00f3n Institucional, Adriana Montes. \u201cHoy mueren todos los\u00a0 d\u00edas 20 a 30 personas por drogas en la Argentina; y hay 20 o 30 familias por d\u00eda que lloran a sus hijos que no van a ver m\u00e1s\u201d alert\u00f3 Sebasti\u00e1n S\u00e1nchez, de la asociaci\u00f3n civil Vientos de Libertad, un espacio dedicado a la prevenci\u00f3n y a la concientizaci\u00f3n.<\/p>\n<p>Los narc\u00f3ticos est\u00e1n entre los j\u00f3venes, el resto de la sociedad y existen distintos tipos de consumo. La diputada Victoria Rold\u00e1n M\u00e9ndez (PRO), presidenta de la comisi\u00f3n de Salud de la Legislatura,\u00a0 advirti\u00f3 que puede haber uso, abuso y dependencia con el consumo drogas. Para cada caso, tiene que haber un mensaje distinto, ya que no es lo mismo el que lo consume una vez por mes y lo hace de manera \u201crecreativa\u201d en comparaci\u00f3n con el que est\u00e1 en una situaci\u00f3n de adicci\u00f3n extrema.<\/p>\n<p>\u201cEn la legislatura estamos tratando un proyecto enviado por el poder ejecutivo\u201d para combatir el consumo de estupefacientes,\u00a0 explic\u00f3 Rold\u00e1n M\u00e9ndez y traz\u00f3 un paralelismo con lo que sucedi\u00f3 con el consumo de tabaco, que si bien no es de gravedad extrema, la sanci\u00f3n de leyes que restringieron los espacios para su consumo significaron tambi\u00e9n un cambio cultural. Por ello estim\u00f3 que es importante \u201ccomprender la tem\u00e1tica desde el estado\u201d para abordarla integralmente escuchando a \u201cexpertos y experiencias\u201d<\/p>\n<p>El periodista Mauro Federico, autor del libro Pa\u00eds Narco, que describe el accionar de los grupos narcos instalados en Argentina a lo largo de la \u00faltima d\u00e9cada, cont\u00f3 su experiencia como padre. \u201cCon 16 a\u00f1os, mi hijo empez\u00f3 el tratamiento de adicciones\u201d y sostuvo que \u201cdurante 3 a\u00f1os y medio estuvo internado\u201d. Y alert\u00f3 que a pesar de que hoy su hijo est\u00e1 recuperado, \u201cla adicci\u00f3n no se cura, se trata\u201d. Con respecto a su labor, advirti\u00f3 que en los medios \u201cse banaliza el tema\u201d, ya que cuando fue panelista en el programa de televisi\u00f3n Duro de Domar, pasaba eso y estim\u00f3 necesario que \u201clos medios de comunicaci\u00f3n deben abordar el tema como corresponde\u201d<\/p>\n<p>La psiquiatra Graciela Morchesi, destac\u00f3 que es necesario desarrollar \u201cla inteligencia emocional de los chicos\u201d para prevenirlos de la sensaci\u00f3n de vac\u00edo cuando no pueden saciar toda las cosas que quieren. Sostuvo que a las personas adictas no hay que \u201cni tapar ni perseguir\u201d. Y explic\u00f3 que \u201cno hay\u00a0 que ser una familia especial para que esto pase\u201d y frente a esta situaci\u00f3n \u201cno hay que sentirse culpable ni avergonzado\u201d, ya que \u201cla patolog\u00eda excede a la persona adicta, ya que est\u00e1 en un entorno\u201d<\/p>\n<p>La doctora Lucia Lisazo, de la Fundaci\u00f3n Ineco,\u00a0 repas\u00f3 los da\u00f1os que traen aparejados los consumos de drogas. Y advirti\u00f3 que la marihuana, por m\u00e1s de que se piense que es inofensiva, de acuerdo a las estad\u00edsticas, \u201cel 9% de los que prueba, desarrolla adicci\u00f3n\u201d y que un consumo excesivo a lo largo del tiempo puede favorecer la aparici\u00f3n de esquizofrenia.Para finalizar, la licenciada Adriana Montes, jerarquiz\u00f3 al gobierno nacional y sostuvo que \u201cla lucha contra los narcos\u201d es total. \u201cEs un compromiso que tenemos, como madre, como legisladora, como profesional, con toda la sociedad\u201d, sostuvo la subsecretaria.<\/p>\n","protected":false},"excerpt":{"rendered":"<p>En el sal\u00f3n San Mart\u00edn de la Legislatura porte\u00f1a, se realiz\u00f3 una charla sobre el problema de las adicciones, organizado por la subsecretaria de Comunicaci\u00f3n Institucional, Adriana Montes. \u201cHoy mueren todos los\u00a0 d\u00edas 20 a 30 personas por drogas en la Argentina; y hay 20 o 30 familias por d\u00eda que lloran a sus hijos [&hellip;]<\/p>\n","protected":false},"author":2,"featured_media":12353,"comment_status":"open","ping_status":"open","sticky":false,"template":"","format":"standard","meta":{"_et_pb_use_builder":"","_et_pb_old_content":"","_et_gb_content_width":"","footnotes":""},"categories":[11,33],"tags":[],"class_list":["post-12352","post","type-post","status-publish","format-standard","has-post-thumbnail","hentry","category-ciudad","category-sociedad-y-cultura-2"],"_links":{"self":[{"href":"https:\/\/vocesdebaires.com.ar\/index.php\/wp-json\/wp\/v2\/posts\/12352"}],"collection":[{"href":"https:\/\/vocesdebaires.com.ar\/index.php\/wp-json\/wp\/v2\/posts"}],"about":[{"href":"https:\/\/vocesdebaires.com.ar\/index.php\/wp-json\/wp\/v2\/types\/post"}],"author":[{"embeddable":true,"href":"https:\/\/vocesdebaires.com.ar\/index.php\/wp-json\/wp\/v2\/users\/2"}],"replies":[{"embeddable":true,"href":"https:\/\/vocesdebaires.com.ar\/index.php\/wp-json\/wp\/v2\/comments?post=12352"}],"version-history":[{"count":0,"href":"https:\/\/vocesdebaires.com.ar\/index.php\/wp-json\/wp\/v2\/posts\/12352\/revisions"}],"wp:featuredmedia":[{"embeddable":true,"href":"https:\/\/vocesdebaires.com.ar\/index.php\/wp-json\/wp\/v2\/media\/12353"}],"wp:attachment":[{"href":"https:\/\/vocesdebaires.com.ar\/index.php\/wp-json\/wp\/v2\/media?parent=12352"}],"wp:term":[{"taxonomy":"category","embeddable":true,"href":"https:\/\/vocesdebaires.com.ar\/index.php\/wp-json\/wp\/v2\/categories?post=12352"},{"taxonomy":"post_tag","embeddable":true,"href":"https:\/\/vocesdebaires.com.ar\/index.php\/wp-json\/wp\/v2\/tags?post=12352"}],"curies":[{"name":"wp","href":"https:\/\/api.w.org\/{rel}","templated":true}]}}