{"id":12354,"date":"2016-07-04T11:42:28","date_gmt":"2016-07-04T14:42:28","guid":{"rendered":"http:\/\/vocesdebaires.com.ar\/wordpress\/index.php\/2016\/07\/04\/linea-h-del-subte-hoy-reabrio-con-nuevos-coches\/"},"modified":"2016-07-04T11:42:28","modified_gmt":"2016-07-04T14:42:28","slug":"linea-h-del-subte-hoy-reabrio-con-nuevos-coches","status":"publish","type":"post","link":"https:\/\/vocesdebaires.com.ar\/index.php\/2016\/07\/04\/linea-h-del-subte-hoy-reabrio-con-nuevos-coches\/","title":{"rendered":"L\u00ednea H del Subte: Hoy reabri\u00f3 con nuevos coches"},"content":{"rendered":"<p>Se hicieron pruebas durante una semana con las nuevas formaciones que tienen aire acondicionado y mayor comodidad para los cien mil usuarios que utilizan diariamente el servicio que une las estaciones Hospitales y Las Heras. La renovaci\u00f3n de los coches y del sistema de se\u00f1ales es fundamental para mejorar la frecuencia de la l\u00ednea. Para esta l\u00ednea, se adquirieron en total 120 unidades Alstom de acero inoxidable, totalmente accesibles y equipadas con c\u00e1maras de seguridad y sistema de aviso sonoro de estaciones.<\/p>\n<p>Esas unidades se ir\u00e1n poniendo en funciones progresivamente para alcanzar una frecuencia de un tren cada tres minutos. Caracter\u00edsticas :Los coches tienen suspensiones neum\u00e1ticas que se ajustan en funci\u00f3n de la carga que transportan, haciendo m\u00e1s c\u00f3modo el viaje. Y tienen la capacidad de ahorrar energ\u00eda a partir de la regeneraci\u00f3n durante el frenado.<\/p>\n","protected":false},"excerpt":{"rendered":"<p>Se hicieron pruebas durante una semana con las nuevas formaciones que tienen aire acondicionado y mayor comodidad para los cien mil usuarios que utilizan diariamente el servicio que une las estaciones Hospitales y Las Heras. La renovaci\u00f3n de los coches y del sistema de se\u00f1ales es fundamental para mejorar la frecuencia de la l\u00ednea. Para [&hellip;]<\/p>\n","protected":false},"author":2,"featured_media":12355,"comment_status":"open","ping_status":"open","sticky":false,"template":"","format":"standard","meta":{"_et_pb_use_builder":"","_et_pb_old_content":"","_et_gb_content_width":"","footnotes":""},"categories":[11,33],"tags":[],"class_list":["post-12354","post","type-post","status-publish","format-standard","has-post-thumbnail","hentry","category-ciudad","category-sociedad-y-cultura-2"],"_links":{"self":[{"href":"https:\/\/vocesdebaires.com.ar\/index.php\/wp-json\/wp\/v2\/posts\/12354"}],"collection":[{"href":"https:\/\/vocesdebaires.com.ar\/index.php\/wp-json\/wp\/v2\/posts"}],"about":[{"href":"https:\/\/vocesdebaires.com.ar\/index.php\/wp-json\/wp\/v2\/types\/post"}],"author":[{"embeddable":true,"href":"https:\/\/vocesdebaires.com.ar\/index.php\/wp-json\/wp\/v2\/users\/2"}],"replies":[{"embeddable":true,"href":"https:\/\/vocesdebaires.com.ar\/index.php\/wp-json\/wp\/v2\/comments?post=12354"}],"version-history":[{"count":0,"href":"https:\/\/vocesdebaires.com.ar\/index.php\/wp-json\/wp\/v2\/posts\/12354\/revisions"}],"wp:featuredmedia":[{"embeddable":true,"href":"https:\/\/vocesdebaires.com.ar\/index.php\/wp-json\/wp\/v2\/media\/12355"}],"wp:attachment":[{"href":"https:\/\/vocesdebaires.com.ar\/index.php\/wp-json\/wp\/v2\/media?parent=12354"}],"wp:term":[{"taxonomy":"category","embeddable":true,"href":"https:\/\/vocesdebaires.com.ar\/index.php\/wp-json\/wp\/v2\/categories?post=12354"},{"taxonomy":"post_tag","embeddable":true,"href":"https:\/\/vocesdebaires.com.ar\/index.php\/wp-json\/wp\/v2\/tags?post=12354"}],"curies":[{"name":"wp","href":"https:\/\/api.w.org\/{rel}","templated":true}]}}