{"id":12377,"date":"2016-06-30T12:58:57","date_gmt":"2016-06-30T15:58:57","guid":{"rendered":"http:\/\/vocesdebaires.com.ar\/wordpress\/index.php\/2016\/06\/30\/la-matanza-regazzoni-reunio-a-mas-de-mil-jubilados\/"},"modified":"2016-06-30T12:58:57","modified_gmt":"2016-06-30T15:58:57","slug":"la-matanza-regazzoni-reunio-a-mas-de-mil-jubilados","status":"publish","type":"post","link":"https:\/\/vocesdebaires.com.ar\/index.php\/2016\/06\/30\/la-matanza-regazzoni-reunio-a-mas-de-mil-jubilados\/","title":{"rendered":"La Matanza: Regazzoni reuni\u00f3 a m\u00e1s de mil jubilados"},"content":{"rendered":"<p>El Director Ejecutivo del PAMI, Carlos Regazzoni, encabez\u00f3 una jornada social en San Justo a la que asistieron m\u00e1s de mil jubilados de distintos centros de La Matanza.Regazzoni aprovech\u00f3 la oportunidad para anunciar una campa\u00f1a de voluntariado \u00abpuerta a puerta\u00bb que el PAMI lanzar\u00e1 este s\u00e1bado. \u00abSe trata de saber de primera mano qu\u00e9 necesitan nuestros jubilados, qu\u00e9 podemos mejorar, en qu\u00e9 cosas fallamos y en cu\u00e1les acertamos\u00bb, explic\u00f3 Regazzoni. \u00abNo podemos pensar un pa\u00eds que nos incluya a todos sin pensar en un PAMI de calidad. Todos vamos a ser jubilados, y tener un horizonte de salud y bienestar va a repercutir en la gente de todas las edades\u00bb, agreg\u00f3. Adem\u00e1s, Regazzoni asegur\u00f3 que su gesti\u00f3n se centrar\u00e1 en lograr un PAMI m\u00e1s transparente, eficiente y moderno. \u201cCalidad m\u00e9dica en todo el pa\u00eds para todos por igual. Tenemos que cuidar los recursos de PAMI, que son de todos los jubilados\u00bb.La actividad, realizada en el club Almirante Brown de San Justo, estuvo acompa\u00f1ada por presentaciones de grupos pertenecientes a distintos talleres de danza, canto y m\u00fasica que ofrece el PAMI.<\/p>\n","protected":false},"excerpt":{"rendered":"<p>El Director Ejecutivo del PAMI, Carlos Regazzoni, encabez\u00f3 una jornada social en San Justo a la que asistieron m\u00e1s de mil jubilados de distintos centros de La Matanza.Regazzoni aprovech\u00f3 la oportunidad para anunciar una campa\u00f1a de voluntariado \u00abpuerta a puerta\u00bb que el PAMI lanzar\u00e1 este s\u00e1bado. \u00abSe trata de saber de primera mano qu\u00e9 necesitan [&hellip;]<\/p>\n","protected":false},"author":2,"featured_media":12378,"comment_status":"open","ping_status":"open","sticky":false,"template":"","format":"standard","meta":{"_et_pb_use_builder":"","_et_pb_old_content":"","_et_gb_content_width":"","footnotes":""},"categories":[34,13],"tags":[],"class_list":["post-12377","post","type-post","status-publish","format-standard","has-post-thumbnail","hentry","category-politica","category-provincia"],"_links":{"self":[{"href":"https:\/\/vocesdebaires.com.ar\/index.php\/wp-json\/wp\/v2\/posts\/12377"}],"collection":[{"href":"https:\/\/vocesdebaires.com.ar\/index.php\/wp-json\/wp\/v2\/posts"}],"about":[{"href":"https:\/\/vocesdebaires.com.ar\/index.php\/wp-json\/wp\/v2\/types\/post"}],"author":[{"embeddable":true,"href":"https:\/\/vocesdebaires.com.ar\/index.php\/wp-json\/wp\/v2\/users\/2"}],"replies":[{"embeddable":true,"href":"https:\/\/vocesdebaires.com.ar\/index.php\/wp-json\/wp\/v2\/comments?post=12377"}],"version-history":[{"count":0,"href":"https:\/\/vocesdebaires.com.ar\/index.php\/wp-json\/wp\/v2\/posts\/12377\/revisions"}],"wp:featuredmedia":[{"embeddable":true,"href":"https:\/\/vocesdebaires.com.ar\/index.php\/wp-json\/wp\/v2\/media\/12378"}],"wp:attachment":[{"href":"https:\/\/vocesdebaires.com.ar\/index.php\/wp-json\/wp\/v2\/media?parent=12377"}],"wp:term":[{"taxonomy":"category","embeddable":true,"href":"https:\/\/vocesdebaires.com.ar\/index.php\/wp-json\/wp\/v2\/categories?post=12377"},{"taxonomy":"post_tag","embeddable":true,"href":"https:\/\/vocesdebaires.com.ar\/index.php\/wp-json\/wp\/v2\/tags?post=12377"}],"curies":[{"name":"wp","href":"https:\/\/api.w.org\/{rel}","templated":true}]}}