{"id":12386,"date":"2016-06-29T12:16:34","date_gmt":"2016-06-29T15:16:34","guid":{"rendered":"http:\/\/vocesdebaires.com.ar\/wordpress\/index.php\/2016\/06\/29\/reconocen-a-la-primera-marcha-del-orgullo-gay-lesbico-de-1992\/"},"modified":"2016-06-29T12:16:34","modified_gmt":"2016-06-29T15:16:34","slug":"reconocen-a-la-primera-marcha-del-orgullo-gay-lesbico-de-1992","status":"publish","type":"post","link":"https:\/\/vocesdebaires.com.ar\/index.php\/2016\/06\/29\/reconocen-a-la-primera-marcha-del-orgullo-gay-lesbico-de-1992\/","title":{"rendered":"Reconocen a la primera marcha del orgullo gay l\u00e9sbico de 1992"},"content":{"rendered":"<p>La Legislatura porte\u00f1a reconoci\u00f3 ayer por tarde, en coincidencia con el D\u00eda de Internacional del Orgullo LGBT (lesbiana, gay, bisexual y transexual), a los organizadores de la primera marcha del orgullo gay l\u00e9sbico, realizada ininterrumpidamente en la ciudad desde 1992. Esta primera manifestaci\u00f3n, cont\u00f3 con la participaci\u00f3n de algo m\u00e1s de un centenar de personas, algunas de las cuales marcharon con m\u00e1scaras, porque pod\u00edan tener problemas con sus familias o perder sus empleos.<\/p>\n<p>Muchos de aquellos presentes, integraban a las organizaciones convocantes: Gays por los Derechos Civiles (GaysDC), Convocatoria Lesbiana (CL), Transexuales por el Derecho a la Vida y a la Identidad (Transdevi), Sociedad de Integraci\u00f3n Gay L\u00e9sbica Argentina (SIGLA), Grupo de Investigaci\u00f3n en Sexualidad e Investigaci\u00f3n Social (ISIS), Cuadernos de Existencia Lesbiana (CEL), y la Iglesia de la Comunidad Metropolitana ICM.<\/p>\n<p>Cesar Cigliutti, actual presidente de la Comunidad Homosexual Argentina (CHA) record\u00f3 que en la primera marcha definieron titularla \u00bbde orgullo\u00ab, ya que organizarla \u00bbnos cost\u00f3 mucho\u00ab. Y afirm\u00f3 que sus reivindicaciones por sus derechos contin\u00faan y asever\u00f3 que junto a sus integrantes \u00bbvamos a exigir la aprobaci\u00f3n de la ley contra la discriminaci\u00f3n\u00ab y \u00bbno nos vamos a quedar en el lugar de v\u00edctimas\u00ab Para finalizar destac\u00f3 que lo que le \u00bbdecimos a nuestra sociedad y a nuestros pol\u00edticos\u00ab es que \u00bbhoy nunca nadie nos va poder quitar el orgullo\u00ab. Ilse Fuskova, de Convocatoria Lesbiana record\u00f3 que marcharon esa primera vez cantando \u00bbrespeto que camina por las calles de Argentina\u00ab y en ese momento sent\u00edan que a trav\u00e9s de la marcha facilitar\u00eda que \u00bbmuchos salieran de placard\u00ab. Y destac\u00f3 que a partir de ese momento, el tema de la homosexualidad empez\u00f3 a ser abordado y reconocido, ya que para muchos \u00bbel placard se abri\u00f3\u00ab.<\/p>\n<p>La declaraci\u00f3n de reconocimiento, por iniciativa del legislador Maximiliano Ferraro (CC), fue para los organizadores de la convocatoria de 1992, integrado por Luis Bigli\u00e9, C\u00e9sar Cigliutti, Marcelo Ferreyra, Ricardo Gonz\u00e1lez, Alejandro Modarelli, Gustavo Pecoraro por GaysDC; Ilse Fuskova por CL; Karina Urbina por Transdevi; Rafael Freda, Alejandro Soria, Eduardo V\u00e1squez por SIGLA; Andr\u00e9s Febrario, Jorge Horacio Ra\u00edces Montero, Carlos Alberto Barzani por ISIS; Lydia Markos por CEL; Pastor Roberto Gonz\u00e1lez, Norberto D\u00b4amico por la ICM. Y postmortem a Alfredo Manes (SIGLA),\u00a0 Claudina Marek (CL), Eduardo Antonetti por (ICM) y , Ricardo Demonte y Carlos J\u00e1uregui por (GaysDC).<\/p>\n<p>En los fundamentos de la declaraci\u00f3n de autor\u00eda del diputado Ferraro, se recuerda que \u00bbJ\u00e1uregui hab\u00eda dicho en esa primera Marcha que \u201cesta vez fuimos treinta, el a\u00f1o pr\u00f3ximo vamos a ser cien, despu\u00e9s mil y despu\u00e9s cien mil y vamos a venir todos los a\u00f1os\u00bb\u00ab. Y sostiene que \u00bbDesde aquellos duros tiempos a las multitudinarias Marchas del Orgullo LGTB de la actualidad han sucedido muchos realineamientos y han surgido nuevos actores del colectivo de la diversidad. Los cambios pol\u00edticos han propiciado otras alianzas y otras formas de organizaci\u00f3n. Sin embargo, el esp\u00edritu fundacional de las Marchas del Orgullo se sigue manteniendo. Un esp\u00edritu que nace en las calles, en la Plaza de Mayo, rumbo al Congreso de la Naci\u00f3n, donde -como dec\u00eda Carlos J\u00e1uregui- los diputados alguna vez tendr\u00edan que escuchar los reclamos del colectivo LGTBI y legislar por sus derechos\u00ab.<\/p>\n<p>Del acto participaron los legisladores Carlos Tomada, Javier Andrade, Paula Penacca, Andrea Conde del FPV; Hernan Rossi y Marcelo Gouman (Suma +); Roy Cortina (PS) Patricio Del Corro (PTS-FIT), la subsecretaria de Derechos Humanos y Pluralismo Cultural de la Ciudad, Pamela Malewicz y el diputado nacional Daniel Lipovetzky (PRO); entre otros dirigentes pol\u00edticos y de las organizaciones LGBT.   Foto 2 \u2013 El legislador Maximiliano Ferraro (CC), tercero desde la izquierda; junto a sus pares de distintos bloques participantes del acto.<\/p>\n","protected":false},"excerpt":{"rendered":"<p>La Legislatura porte\u00f1a reconoci\u00f3 ayer por tarde, en coincidencia con el D\u00eda de Internacional del Orgullo LGBT (lesbiana, gay, bisexual y transexual), a los organizadores de la primera marcha del orgullo gay l\u00e9sbico, realizada ininterrumpidamente en la ciudad desde 1992. Esta primera manifestaci\u00f3n, cont\u00f3 con la participaci\u00f3n de algo m\u00e1s de un centenar de personas, [&hellip;]<\/p>\n","protected":false},"author":2,"featured_media":12387,"comment_status":"open","ping_status":"open","sticky":false,"template":"","format":"standard","meta":{"_et_pb_use_builder":"","_et_pb_old_content":"","_et_gb_content_width":"","footnotes":""},"categories":[11,33],"tags":[],"class_list":["post-12386","post","type-post","status-publish","format-standard","has-post-thumbnail","hentry","category-ciudad","category-sociedad-y-cultura-2"],"_links":{"self":[{"href":"https:\/\/vocesdebaires.com.ar\/index.php\/wp-json\/wp\/v2\/posts\/12386"}],"collection":[{"href":"https:\/\/vocesdebaires.com.ar\/index.php\/wp-json\/wp\/v2\/posts"}],"about":[{"href":"https:\/\/vocesdebaires.com.ar\/index.php\/wp-json\/wp\/v2\/types\/post"}],"author":[{"embeddable":true,"href":"https:\/\/vocesdebaires.com.ar\/index.php\/wp-json\/wp\/v2\/users\/2"}],"replies":[{"embeddable":true,"href":"https:\/\/vocesdebaires.com.ar\/index.php\/wp-json\/wp\/v2\/comments?post=12386"}],"version-history":[{"count":0,"href":"https:\/\/vocesdebaires.com.ar\/index.php\/wp-json\/wp\/v2\/posts\/12386\/revisions"}],"wp:featuredmedia":[{"embeddable":true,"href":"https:\/\/vocesdebaires.com.ar\/index.php\/wp-json\/wp\/v2\/media\/12387"}],"wp:attachment":[{"href":"https:\/\/vocesdebaires.com.ar\/index.php\/wp-json\/wp\/v2\/media?parent=12386"}],"wp:term":[{"taxonomy":"category","embeddable":true,"href":"https:\/\/vocesdebaires.com.ar\/index.php\/wp-json\/wp\/v2\/categories?post=12386"},{"taxonomy":"post_tag","embeddable":true,"href":"https:\/\/vocesdebaires.com.ar\/index.php\/wp-json\/wp\/v2\/tags?post=12386"}],"curies":[{"name":"wp","href":"https:\/\/api.w.org\/{rel}","templated":true}]}}