{"id":1242,"date":"2020-08-31T03:00:00","date_gmt":"2020-08-31T06:00:00","guid":{"rendered":"http:\/\/vocesdebaires.com.ar\/wordpress\/index.php\/2020\/08\/31\/legislaturas-santilli-hablo-en-el-foro-federal\/"},"modified":"2020-08-31T03:00:00","modified_gmt":"2020-08-31T06:00:00","slug":"legislaturas-santilli-hablo-en-el-foro-federal","status":"publish","type":"post","link":"https:\/\/vocesdebaires.com.ar\/index.php\/2020\/08\/31\/legislaturas-santilli-hablo-en-el-foro-federal\/","title":{"rendered":"Legislaturas Santilli hablo en el Foro Federal"},"content":{"rendered":"<p>El pasado viernes\u00a0 se llev\u00f3 a cabo v\u00eda online, la primera reuni\u00f3n de los presidentes y vicepresidentes de las c\u00e1maras legislativas del pa\u00eds. El encuentro, organizado por Legislaturas Conectadas, fue transmitido por las redes sociales de los parlamentos. El\u00a0 \u201cForo Federal de Autoridades Parlamentarias Argentinas\u201d tuvo su encuentro formal el pasado viernes. El mismo fue transmitido por la red Legislaturas Conectadas a trav\u00e9s de su canal de YouTube y las redes sociales, adem\u00e1s de los medios oficiales de los parlamentos provinciales.<\/p>\n<p>La apertura estuvo a cargo del Presidente de la Legislatura\u00a0 y Vicejefe de Gobierno de la Ciudad, Diego Santilli, quien felicit\u00f3 a todos los equipos de las Legislaturas del pa\u00eds. \u00abGracias porque nos abrimos a aprender\u00bb. Dirigido al p\u00fablico en general, el evento reuni\u00f3 a las autoridades de las c\u00e1maras de Diputados y Senadores provinciales y de la Ciudad de Buenos Aires. La intenci\u00f3n es que la ciudadan\u00eda pueda ver juntos a los referentes de los parlamentos; durante el transcurso del evento se decidi\u00f3 qu\u00e9 temas se tratar\u00e1n en el siguiente encuentro y se convers\u00f3 acerca de c\u00f3mo legislar en estos tiempos y mantener la comunicaci\u00f3n con la comunidad.<\/p>\n<p><strong>Sobre Legislaturas Conectadas<\/strong><br \/>Legislaturas Conectadas es una red federal que busca tender lazos entre los parlamentos para fortalecer su trabajo y acercarlos a la comunidad. Surgi\u00f3 en 2018, a iniciativas del \u00e1rea de Prensa de la Legislatura de la Ciudad de Buenos Aires que preside el Vicejefe de Gobierno porte\u00f1o, Diego Santilli. Actualmente, el Vicepresidente I, el legislador\u00a0 Agust\u00edn Forchieri, impulsa este emprendimiento interparlamentario, que ha logrado concretar comunicaci\u00f3n\u00a0 y crear lazos, entre las legislaturas de los 24 distritos.\u00bbCelebro la oportunidad de estar m\u00e1s unidos que nunca, trabajar en conjunto para ver c\u00f3mo le mejoramos la vida a la gente.<\/p>\n<p>Ese es el desaf\u00edo. Nuestro futuro depende de sumar todos los esfuerzos para construir una Argentina m\u00e1s justa e inclusiva\u201d, cerr\u00f3 en su discurso de presentaci\u00f3n Santilli. Para facilitar la comunicaci\u00f3n, la red cuenta con una plataforma interactiva, <a href=\"http:\/\/www.legislaturasconectadas.gob.ar\">www.legislaturasconectadas.gob.ar<\/a> , en la que cada parlamento tiene su espacio. La informaci\u00f3n que se brinda en la web complementa la que se difunde por redes sociales y en los medios de comunicaci\u00f3n. El objetivo es dar a conocer todo lo que Legislaturas Conectadas est\u00e1 haciendo en funci\u00f3n de promover la integraci\u00f3n federal, en un trabajo institucional por el inter\u00e9s p\u00fablico, m\u00e1s all\u00e1 de pertenencias pol\u00edtico partidarias.<\/p>\n","protected":false},"excerpt":{"rendered":"<p>El pasado viernes\u00a0 se llev\u00f3 a cabo v\u00eda online, la primera reuni\u00f3n de los presidentes y vicepresidentes de las c\u00e1maras legislativas del pa\u00eds. El encuentro, organizado por Legislaturas Conectadas, fue transmitido por las redes sociales de los parlamentos. El\u00a0 \u201cForo Federal de Autoridades Parlamentarias Argentinas\u201d tuvo su encuentro formal el pasado viernes. El mismo fue [&hellip;]<\/p>\n","protected":false},"author":1,"featured_media":1243,"comment_status":"open","ping_status":"open","sticky":false,"template":"","format":"standard","meta":{"_et_pb_use_builder":"","_et_pb_old_content":"","_et_gb_content_width":"","footnotes":""},"categories":[11,33],"tags":[],"class_list":["post-1242","post","type-post","status-publish","format-standard","has-post-thumbnail","hentry","category-ciudad","category-sociedad-y-cultura-2"],"_links":{"self":[{"href":"https:\/\/vocesdebaires.com.ar\/index.php\/wp-json\/wp\/v2\/posts\/1242"}],"collection":[{"href":"https:\/\/vocesdebaires.com.ar\/index.php\/wp-json\/wp\/v2\/posts"}],"about":[{"href":"https:\/\/vocesdebaires.com.ar\/index.php\/wp-json\/wp\/v2\/types\/post"}],"author":[{"embeddable":true,"href":"https:\/\/vocesdebaires.com.ar\/index.php\/wp-json\/wp\/v2\/users\/1"}],"replies":[{"embeddable":true,"href":"https:\/\/vocesdebaires.com.ar\/index.php\/wp-json\/wp\/v2\/comments?post=1242"}],"version-history":[{"count":0,"href":"https:\/\/vocesdebaires.com.ar\/index.php\/wp-json\/wp\/v2\/posts\/1242\/revisions"}],"wp:featuredmedia":[{"embeddable":true,"href":"https:\/\/vocesdebaires.com.ar\/index.php\/wp-json\/wp\/v2\/media\/1243"}],"wp:attachment":[{"href":"https:\/\/vocesdebaires.com.ar\/index.php\/wp-json\/wp\/v2\/media?parent=1242"}],"wp:term":[{"taxonomy":"category","embeddable":true,"href":"https:\/\/vocesdebaires.com.ar\/index.php\/wp-json\/wp\/v2\/categories?post=1242"},{"taxonomy":"post_tag","embeddable":true,"href":"https:\/\/vocesdebaires.com.ar\/index.php\/wp-json\/wp\/v2\/tags?post=1242"}],"curies":[{"name":"wp","href":"https:\/\/api.w.org\/{rel}","templated":true}]}}