{"id":12465,"date":"2016-06-22T12:00:58","date_gmt":"2016-06-22T15:00:58","guid":{"rendered":"http:\/\/vocesdebaires.com.ar\/wordpress\/index.php\/2016\/06\/22\/ramal-presento-mapa-de-la-emergencia-edilicia-de-escuelas-portenas\/"},"modified":"2016-06-22T12:00:58","modified_gmt":"2016-06-22T15:00:58","slug":"ramal-presento-mapa-de-la-emergencia-edilicia-de-escuelas-portenas","status":"publish","type":"post","link":"https:\/\/vocesdebaires.com.ar\/index.php\/2016\/06\/22\/ramal-presento-mapa-de-la-emergencia-edilicia-de-escuelas-portenas\/","title":{"rendered":"Ramal present\u00f3 \u201cmapa de la emergencia edilicia\u201d de escuelas porte\u00f1as"},"content":{"rendered":"<p>Marcelo Ramal, legislador porte\u00f1o por el Frente de Izquierda, present\u00f3\u00a0 ayer por la tarde noche\u00a0 el \u201cmapa de la emergencia edilicia\u201d de las escuelas de la Ciudad.\u00a0 En una aplicaci\u00f3n digital interactiva, el mapa registra m\u00e1s de 90 edificios escolares con problemas de mantenimiento e infraestructura.<\/p>\n<p>\u201cEl mapa es el resultado de un intenso trabajo de nuestra banca en conexi\u00f3n con la docencia combativa, los centros de estudiantes y el conjunto de la comunidad educativa\u201d, se\u00f1al\u00f3 Ramal en la conferencia que se realiz\u00f3 en el sal\u00f3n Jauretche de la Legislatura. All\u00ed, se hicieron presentes grupos de padres de diversas escuelas de la Ciudad, junto con representantes docentes y de centros de estudiantes. Junto a Ramal,\u00a0 estuvieron en la mesa Jorge Adaro, secretario general del sindicato docente ADEMYS, y Amanda Mart\u00edn, de la agrupaci\u00f3n Tribuna Docente y asesora del FIT en la comisi\u00f3n de Educaci\u00f3n de la Legislatura.<\/p>\n<p>\u201cInvitamos a todos los colegios con crisis edilicias a sumar su denuncia al mapa. Queremos que esta difusi\u00f3n sirva de palanca para promover la deliberaci\u00f3n y la organizaci\u00f3n de estudiantes, docentes y padres en todas las escuelas\u201d, se\u00f1al\u00f3 Ramal.\u00a0 A partir de la difusi\u00f3n del \u201cmapa\u201d, el legislador del FIT concluy\u00f3 proponiendo la preparaci\u00f3n de \u201cuna jornada de lucha contra la crisis edilicia a la escala de toda la Ciudad, coordinando la acci\u00f3n de las diversas escuelas afectadas\u201d.<\/p>\n","protected":false},"excerpt":{"rendered":"<p>Marcelo Ramal, legislador porte\u00f1o por el Frente de Izquierda, present\u00f3\u00a0 ayer por la tarde noche\u00a0 el \u201cmapa de la emergencia edilicia\u201d de las escuelas de la Ciudad.\u00a0 En una aplicaci\u00f3n digital interactiva, el mapa registra m\u00e1s de 90 edificios escolares con problemas de mantenimiento e infraestructura. \u201cEl mapa es el resultado de un intenso trabajo [&hellip;]<\/p>\n","protected":false},"author":2,"featured_media":12466,"comment_status":"open","ping_status":"open","sticky":false,"template":"","format":"standard","meta":{"_et_pb_use_builder":"","_et_pb_old_content":"","_et_gb_content_width":"","footnotes":""},"categories":[11,33],"tags":[],"class_list":["post-12465","post","type-post","status-publish","format-standard","has-post-thumbnail","hentry","category-ciudad","category-sociedad-y-cultura-2"],"_links":{"self":[{"href":"https:\/\/vocesdebaires.com.ar\/index.php\/wp-json\/wp\/v2\/posts\/12465"}],"collection":[{"href":"https:\/\/vocesdebaires.com.ar\/index.php\/wp-json\/wp\/v2\/posts"}],"about":[{"href":"https:\/\/vocesdebaires.com.ar\/index.php\/wp-json\/wp\/v2\/types\/post"}],"author":[{"embeddable":true,"href":"https:\/\/vocesdebaires.com.ar\/index.php\/wp-json\/wp\/v2\/users\/2"}],"replies":[{"embeddable":true,"href":"https:\/\/vocesdebaires.com.ar\/index.php\/wp-json\/wp\/v2\/comments?post=12465"}],"version-history":[{"count":0,"href":"https:\/\/vocesdebaires.com.ar\/index.php\/wp-json\/wp\/v2\/posts\/12465\/revisions"}],"wp:featuredmedia":[{"embeddable":true,"href":"https:\/\/vocesdebaires.com.ar\/index.php\/wp-json\/wp\/v2\/media\/12466"}],"wp:attachment":[{"href":"https:\/\/vocesdebaires.com.ar\/index.php\/wp-json\/wp\/v2\/media?parent=12465"}],"wp:term":[{"taxonomy":"category","embeddable":true,"href":"https:\/\/vocesdebaires.com.ar\/index.php\/wp-json\/wp\/v2\/categories?post=12465"},{"taxonomy":"post_tag","embeddable":true,"href":"https:\/\/vocesdebaires.com.ar\/index.php\/wp-json\/wp\/v2\/tags?post=12465"}],"curies":[{"name":"wp","href":"https:\/\/api.w.org\/{rel}","templated":true}]}}