{"id":12479,"date":"2016-06-21T12:34:35","date_gmt":"2016-06-21T15:34:35","guid":{"rendered":"http:\/\/vocesdebaires.com.ar\/wordpress\/index.php\/2016\/06\/21\/legislaturacomienza-la-muestra-plastica-marcas-de-los-femenino\/"},"modified":"2016-06-21T12:34:35","modified_gmt":"2016-06-21T15:34:35","slug":"legislaturacomienza-la-muestra-plastica-marcas-de-los-femenino","status":"publish","type":"post","link":"https:\/\/vocesdebaires.com.ar\/index.php\/2016\/06\/21\/legislaturacomienza-la-muestra-plastica-marcas-de-los-femenino\/","title":{"rendered":"Legislatura:Comienza la muestra pl\u00e1stica Marcas de los femenino"},"content":{"rendered":"<p>se inaugurar\u00e1 hoy la Muestra Marcas de lo femenino\u00a0 realizada con obras de la artista visual Nora Beatriz Garc\u00eda, a partir de un proyecto de resoluci\u00f3n del legislador de la Coalici\u00f3n C\u00edvica Maximiliano Ferraro. La muestra, que hace referencia a la mujer desde la problem\u00e1ticas de g\u00e9nero y su relaci\u00f3n con los derechos humanos,\u00a0 se podr\u00e1 ver del martes 21 al viernes 24 de junio en el Hall de Honor de la Legislatura de la Ciudad Aut\u00f3noma de Buenos Aires. Nora Garc\u00eda es una reconocida artista visual y docente que desde hace m\u00e1s de 30 a\u00f1os viene desarrollando una actividad art\u00edstica y pedag\u00f3gica muy intensa y notable. Es egresada de la Escuela de Bellas Artes: \u201cPrilidiano Pueyrred\u00f3n\u201d, expone desde 1985, participando en Salones, Concursos Nacionales y Provinciales. En su extenso trabajo art\u00edstico, ha realizado una gran cantidad de obras y tambi\u00e9n intervenciones en el espacio p\u00fablico, permitiendo la visualizaci\u00f3n de las problem\u00e1ticas de la mujer, la toma de conciencia de los derechos humanos y una reflexi\u00f3n activa de la mujer en la sociedad. Adem\u00e1s en su\u00a0 actividad pedag\u00f3gica se desempe\u00f1\u00f3 como vicedirectora Escuela Media de Bellas Artes \u201cManuel Belgrano\u201d. A lo largo de su gesti\u00f3n pueden mencionarse como sus logros m\u00e1s importantes la creaci\u00f3n del Bachiller con\u00a0 orientaci\u00f3n de artes y colaboro en la creaci\u00f3n del ISFA Manuel Belgrano, nuevas carreras en que se transform\u00f3 a esa tradicional casa de estudios, perfiles que hasta ese momento no hab\u00edan tenido cabida en las instituciones de formaci\u00f3n art\u00edstica.<\/p>\n<p>Tambi\u00e9n\u00a0 fue Profesora de pintura en la Escuela Nacional de Bellas Artes \u201cPrilidiano Pueyrred\u00f3n\u201d (1987\/1995), Profesora Adjunta de la C\u00e1tedra \u201cArtes y Oficios de la Pintura\u201d en el Departamento de Artes Visuales del Instituto Universitario Nacional de Arte, Vocal Junta de Clasificaci\u00f3n Art\u00edstica (2005\/2006), Vicedirectora Escuela Nacional de Bellas Artes \u201cManuel Belgrano\u201d (2007\/2011). Actualmente se desempe\u00f1a, como jurado de concursos\u00a0 nacionales y como jurado para la cobertura de cargos docentes en instituciones de educaci\u00f3n superior de la Ciudad Aut\u00f3noma de Buenos Aires.<\/p>\n","protected":false},"excerpt":{"rendered":"<p>se inaugurar\u00e1 hoy la Muestra Marcas de lo femenino\u00a0 realizada con obras de la artista visual Nora Beatriz Garc\u00eda, a partir de un proyecto de resoluci\u00f3n del legislador de la Coalici\u00f3n C\u00edvica Maximiliano Ferraro. La muestra, que hace referencia a la mujer desde la problem\u00e1ticas de g\u00e9nero y su relaci\u00f3n con los derechos humanos,\u00a0 se [&hellip;]<\/p>\n","protected":false},"author":2,"featured_media":12480,"comment_status":"open","ping_status":"open","sticky":false,"template":"","format":"standard","meta":{"_et_pb_use_builder":"","_et_pb_old_content":"","_et_gb_content_width":"","footnotes":""},"categories":[11,33],"tags":[],"class_list":["post-12479","post","type-post","status-publish","format-standard","has-post-thumbnail","hentry","category-ciudad","category-sociedad-y-cultura-2"],"_links":{"self":[{"href":"https:\/\/vocesdebaires.com.ar\/index.php\/wp-json\/wp\/v2\/posts\/12479"}],"collection":[{"href":"https:\/\/vocesdebaires.com.ar\/index.php\/wp-json\/wp\/v2\/posts"}],"about":[{"href":"https:\/\/vocesdebaires.com.ar\/index.php\/wp-json\/wp\/v2\/types\/post"}],"author":[{"embeddable":true,"href":"https:\/\/vocesdebaires.com.ar\/index.php\/wp-json\/wp\/v2\/users\/2"}],"replies":[{"embeddable":true,"href":"https:\/\/vocesdebaires.com.ar\/index.php\/wp-json\/wp\/v2\/comments?post=12479"}],"version-history":[{"count":0,"href":"https:\/\/vocesdebaires.com.ar\/index.php\/wp-json\/wp\/v2\/posts\/12479\/revisions"}],"wp:featuredmedia":[{"embeddable":true,"href":"https:\/\/vocesdebaires.com.ar\/index.php\/wp-json\/wp\/v2\/media\/12480"}],"wp:attachment":[{"href":"https:\/\/vocesdebaires.com.ar\/index.php\/wp-json\/wp\/v2\/media?parent=12479"}],"wp:term":[{"taxonomy":"category","embeddable":true,"href":"https:\/\/vocesdebaires.com.ar\/index.php\/wp-json\/wp\/v2\/categories?post=12479"},{"taxonomy":"post_tag","embeddable":true,"href":"https:\/\/vocesdebaires.com.ar\/index.php\/wp-json\/wp\/v2\/tags?post=12479"}],"curies":[{"name":"wp","href":"https:\/\/api.w.org\/{rel}","templated":true}]}}