{"id":1252,"date":"2020-08-31T03:00:00","date_gmt":"2020-08-31T06:00:00","guid":{"rendered":"http:\/\/vocesdebaires.com.ar\/wordpress\/index.php\/2020\/08\/31\/arquidiocesis-de-buenos-aires-y-los-400-anos\/"},"modified":"2020-08-31T03:00:00","modified_gmt":"2020-08-31T06:00:00","slug":"arquidiocesis-de-buenos-aires-y-los-400-anos","status":"publish","type":"post","link":"https:\/\/vocesdebaires.com.ar\/index.php\/2020\/08\/31\/arquidiocesis-de-buenos-aires-y-los-400-anos\/","title":{"rendered":"Arquidi\u00f3cesis de Buenos Aires y los 400 a\u00f1os"},"content":{"rendered":"<p>La sede cat\u00f3lica apost\u00f3lica romana m\u00e1s importante y primada de la Argentina, que es la Arquidi\u00f3cesis de Buenos Aires, cumpli\u00f3 400 a\u00f1os de existencia, por lo que la Legislatura de la Ciudad Aut\u00f3noma aprob\u00f3 el pasado jueves una declaraci\u00f3n conmemorativa, a iniciativa de la legisladora a Natalia Fidel (VJ). La entonces Di\u00f3cesis de Buenos Aires fue instituida el 6 de abril de 1620, por el Papa Paulo V, como un desprendimiento de la del Paraguay. Luego, en 1863, ya institucionalizada la Naci\u00f3n Argentina, la sede apost\u00f3lica fue elevada a la categor\u00eda de arquiepiscopal, durante la presidencia de Bartolom\u00e9 Mitre. Este arzobispado de cuatro siglos de historia tambi\u00e9n se distingue ahora por ser uno de los pocos en el mundo que ha tenido sentado en su c\u00e1tedra a un dignatario eclesi\u00e1stico que luego fue ungido Pont\u00edfice: el Papa Francisco (ex cardenal Jorge Mario Bergoglio).<\/p>\n","protected":false},"excerpt":{"rendered":"<p>La sede cat\u00f3lica apost\u00f3lica romana m\u00e1s importante y primada de la Argentina, que es la Arquidi\u00f3cesis de Buenos Aires, cumpli\u00f3 400 a\u00f1os de existencia, por lo que la Legislatura de la Ciudad Aut\u00f3noma aprob\u00f3 el pasado jueves una declaraci\u00f3n conmemorativa, a iniciativa de la legisladora a Natalia Fidel (VJ). La entonces Di\u00f3cesis de Buenos Aires [&hellip;]<\/p>\n","protected":false},"author":1,"featured_media":1253,"comment_status":"open","ping_status":"open","sticky":false,"template":"","format":"standard","meta":{"_et_pb_use_builder":"","_et_pb_old_content":"","_et_gb_content_width":"","footnotes":""},"categories":[11,33],"tags":[],"class_list":["post-1252","post","type-post","status-publish","format-standard","has-post-thumbnail","hentry","category-ciudad","category-sociedad-y-cultura-2"],"_links":{"self":[{"href":"https:\/\/vocesdebaires.com.ar\/index.php\/wp-json\/wp\/v2\/posts\/1252"}],"collection":[{"href":"https:\/\/vocesdebaires.com.ar\/index.php\/wp-json\/wp\/v2\/posts"}],"about":[{"href":"https:\/\/vocesdebaires.com.ar\/index.php\/wp-json\/wp\/v2\/types\/post"}],"author":[{"embeddable":true,"href":"https:\/\/vocesdebaires.com.ar\/index.php\/wp-json\/wp\/v2\/users\/1"}],"replies":[{"embeddable":true,"href":"https:\/\/vocesdebaires.com.ar\/index.php\/wp-json\/wp\/v2\/comments?post=1252"}],"version-history":[{"count":0,"href":"https:\/\/vocesdebaires.com.ar\/index.php\/wp-json\/wp\/v2\/posts\/1252\/revisions"}],"wp:featuredmedia":[{"embeddable":true,"href":"https:\/\/vocesdebaires.com.ar\/index.php\/wp-json\/wp\/v2\/media\/1253"}],"wp:attachment":[{"href":"https:\/\/vocesdebaires.com.ar\/index.php\/wp-json\/wp\/v2\/media?parent=1252"}],"wp:term":[{"taxonomy":"category","embeddable":true,"href":"https:\/\/vocesdebaires.com.ar\/index.php\/wp-json\/wp\/v2\/categories?post=1252"},{"taxonomy":"post_tag","embeddable":true,"href":"https:\/\/vocesdebaires.com.ar\/index.php\/wp-json\/wp\/v2\/tags?post=1252"}],"curies":[{"name":"wp","href":"https:\/\/api.w.org\/{rel}","templated":true}]}}