{"id":12537,"date":"2016-05-04T13:42:02","date_gmt":"2016-05-04T16:42:02","guid":{"rendered":"http:\/\/vocesdebaires.com.ar\/wordpress\/index.php\/2016\/05\/04\/reabre-el-cck-con-conciertos-gratuitos-y-distintos-artistas\/"},"modified":"2016-05-04T13:42:02","modified_gmt":"2016-05-04T16:42:02","slug":"reabre-el-cck-con-conciertos-gratuitos-y-distintos-artistas","status":"publish","type":"post","link":"https:\/\/vocesdebaires.com.ar\/index.php\/2016\/05\/04\/reabre-el-cck-con-conciertos-gratuitos-y-distintos-artistas\/","title":{"rendered":"Reabre el CCK con conciertos gratuitos y distintos artistas"},"content":{"rendered":"<p>\u00a0<br \/>\nEl Sistema Federal de Medios y Contenidos P\u00fablicos anuncia la \u201cpre-apertura\u201d del CCK (Centro Cultural Kirchner) con una programaci\u00f3n especial de conciertos gratuitos para el mes de mayo, mientras contin\u00faan los trabajos para la apertura de todos los espacios.<br \/>\n\u201cMayo, Experiencia Ac\u00fastica\u201d incluir\u00e1 una serie de conciertos de notables int\u00e9rpretes de distintos g\u00e9neros para disfrutar de las excepcionales condiciones ac\u00fasticas de la Sala Sinf\u00f3nica, la Sala Argentina y el Sal\u00f3n de Honor, espacios que ya pueden recibir p\u00fablico. La programaci\u00f3n abarca m\u00fasica sinf\u00f3nica, de c\u00e1mara, l\u00edrica, jazz, un ciclo a dos pianos, tango y folklore y re\u00fane, entre otros artistas, a Hugo Fattoruso, Jorge Navarro, V\u00edctor Torres, N\u00e9stor Marconi, Cuarteto Gianneo, Stefan Lano, Jos\u00e9 Luis Juri, Rafael Gintoli y la Orquesta Sinf\u00f3nica Nacional.<br \/>\nEl concierto inaugural tendr\u00e1 lugar hoy a las 19.30 en la Sala Sinf\u00f3nica con la Orquesta Nacional. Se lanzar\u00e1 adem\u00e1s el \u201cA\u00f1o Ginastera\u201d en el centenario de su nacimiento. Las entradas gratuitas para hoy, ma\u00f1ana, el s\u00e1bado y el domingo se entregan hasta el jueves de 9 a 17, en Sarmiento 151, o se pueden reservar en <a href=\"http:\/\/www.cck.gob.ar\"&gt;www.cck.gob.ar<\/a>.<br \/>\n\u00a0<\/p>\n","protected":false},"excerpt":{"rendered":"<p>\u00a0 El Sistema Federal de Medios y Contenidos P\u00fablicos anuncia la \u201cpre-apertura\u201d del CCK (Centro Cultural Kirchner) con una programaci\u00f3n especial de conciertos gratuitos para el mes de mayo, mientras contin\u00faan los trabajos para la apertura de todos los espacios. \u201cMayo, Experiencia Ac\u00fastica\u201d incluir\u00e1 una serie de conciertos de notables int\u00e9rpretes de distintos g\u00e9neros para [&hellip;]<\/p>\n","protected":false},"author":2,"featured_media":12538,"comment_status":"open","ping_status":"open","sticky":false,"template":"","format":"standard","meta":{"_et_pb_use_builder":"","_et_pb_old_content":"","_et_gb_content_width":"","footnotes":""},"categories":[12,34],"tags":[],"class_list":["post-12537","post","type-post","status-publish","format-standard","has-post-thumbnail","hentry","category-nacion","category-politica"],"_links":{"self":[{"href":"https:\/\/vocesdebaires.com.ar\/index.php\/wp-json\/wp\/v2\/posts\/12537"}],"collection":[{"href":"https:\/\/vocesdebaires.com.ar\/index.php\/wp-json\/wp\/v2\/posts"}],"about":[{"href":"https:\/\/vocesdebaires.com.ar\/index.php\/wp-json\/wp\/v2\/types\/post"}],"author":[{"embeddable":true,"href":"https:\/\/vocesdebaires.com.ar\/index.php\/wp-json\/wp\/v2\/users\/2"}],"replies":[{"embeddable":true,"href":"https:\/\/vocesdebaires.com.ar\/index.php\/wp-json\/wp\/v2\/comments?post=12537"}],"version-history":[{"count":0,"href":"https:\/\/vocesdebaires.com.ar\/index.php\/wp-json\/wp\/v2\/posts\/12537\/revisions"}],"wp:featuredmedia":[{"embeddable":true,"href":"https:\/\/vocesdebaires.com.ar\/index.php\/wp-json\/wp\/v2\/media\/12538"}],"wp:attachment":[{"href":"https:\/\/vocesdebaires.com.ar\/index.php\/wp-json\/wp\/v2\/media?parent=12537"}],"wp:term":[{"taxonomy":"category","embeddable":true,"href":"https:\/\/vocesdebaires.com.ar\/index.php\/wp-json\/wp\/v2\/categories?post=12537"},{"taxonomy":"post_tag","embeddable":true,"href":"https:\/\/vocesdebaires.com.ar\/index.php\/wp-json\/wp\/v2\/tags?post=12537"}],"curies":[{"name":"wp","href":"https:\/\/api.w.org\/{rel}","templated":true}]}}