{"id":12605,"date":"2016-04-28T12:43:36","date_gmt":"2016-04-28T15:43:36","guid":{"rendered":"http:\/\/vocesdebaires.com.ar\/wordpress\/index.php\/2016\/04\/28\/debate-en-la-legislatura-portena-sobre-fumar-al-conducir\/"},"modified":"2016-04-28T12:43:36","modified_gmt":"2016-04-28T15:43:36","slug":"debate-en-la-legislatura-portena-sobre-fumar-al-conducir","status":"publish","type":"post","link":"https:\/\/vocesdebaires.com.ar\/index.php\/2016\/04\/28\/debate-en-la-legislatura-portena-sobre-fumar-al-conducir\/","title":{"rendered":"Debate en la Legislatura porte\u00f1a sobre fumar al conducir"},"content":{"rendered":"<p>\u00a0<br \/>\nLos diputados porte\u00f1os de PRO, Roberto Quattromano, Daniel Del Sol y Cristina Garc\u00eda De Aurteneche, debatieron \u00a0junto a especialistas sobre el proyecto de Ley que presentaron para prohibir el cigarrillo mientras se maneja.La charla se llevo \u00a0a cabo\u00a0ayer por la tarde \u00a0en el Sal\u00f3n Montevideo de la Legislatura de la Ciudad Aut\u00f3noma de Buenos Aires, situada en Per\u00fa 160.<br \/>\nLos legisladores\u00a0estaban \u00a0acompa\u00f1ados por la doctora Marta Angueira, coordinadora del Programa Nacional de Control del Tabaco; la licenciada Mar\u00eda Cristina Isoba, directora de las \u00e1reas de investigaci\u00f3n y educaci\u00f3n vial de Luchemos por la Vida; y la doctora Marita Pizarro, referente de la Alianza Libre de Humo de Tabaco Argentina (ALIAR).La iniciativa propone que los infractores sean sancionados con una multa de 100 unidades fijas, lo que equivale a, aproximadamente, 800 pesos.<br \/>\n\u00abLa prohibici\u00f3n de fumar en los autos no s\u00f3lo apuntar\u00eda a combatir el tabaquismo y proteger a los fumadores pasivos, sino tambi\u00e9n a la seguridad vial. Fumar al manejar es riesgoso, de la misma manera que cualquier otra actividad que implique perder moment\u00e1neamente la concentraci\u00f3n al conducir, y especialmente dejar de mirar hacia adelante, lo mismo que sucede cuando se habla o se escribe por celular\u00bb, se\u00f1ala el proyecto. Ya son muchos los pa\u00edses donde se prohibi\u00f3 el cigarrillo al volante, como pas\u00f3 en el Reino Unido, Sud\u00e1frica, Australia, Canad\u00e1, Brasil, Colombia, Chile y tambi\u00e9n en Irlanda, que fue el primer pa\u00eds en no permitir fumar en los lugares cerrados. En Argentina rige una ley similar en la provincia de C\u00f3rdoba.<\/p>\n","protected":false},"excerpt":{"rendered":"<p>\u00a0 Los diputados porte\u00f1os de PRO, Roberto Quattromano, Daniel Del Sol y Cristina Garc\u00eda De Aurteneche, debatieron \u00a0junto a especialistas sobre el proyecto de Ley que presentaron para prohibir el cigarrillo mientras se maneja.La charla se llevo \u00a0a cabo\u00a0ayer por la tarde \u00a0en el Sal\u00f3n Montevideo de la Legislatura de la Ciudad Aut\u00f3noma de Buenos [&hellip;]<\/p>\n","protected":false},"author":2,"featured_media":12606,"comment_status":"open","ping_status":"open","sticky":false,"template":"","format":"standard","meta":{"_et_pb_use_builder":"","_et_pb_old_content":"","_et_gb_content_width":"","footnotes":""},"categories":[11,33],"tags":[],"class_list":["post-12605","post","type-post","status-publish","format-standard","has-post-thumbnail","hentry","category-ciudad","category-sociedad-y-cultura-2"],"_links":{"self":[{"href":"https:\/\/vocesdebaires.com.ar\/index.php\/wp-json\/wp\/v2\/posts\/12605"}],"collection":[{"href":"https:\/\/vocesdebaires.com.ar\/index.php\/wp-json\/wp\/v2\/posts"}],"about":[{"href":"https:\/\/vocesdebaires.com.ar\/index.php\/wp-json\/wp\/v2\/types\/post"}],"author":[{"embeddable":true,"href":"https:\/\/vocesdebaires.com.ar\/index.php\/wp-json\/wp\/v2\/users\/2"}],"replies":[{"embeddable":true,"href":"https:\/\/vocesdebaires.com.ar\/index.php\/wp-json\/wp\/v2\/comments?post=12605"}],"version-history":[{"count":0,"href":"https:\/\/vocesdebaires.com.ar\/index.php\/wp-json\/wp\/v2\/posts\/12605\/revisions"}],"wp:featuredmedia":[{"embeddable":true,"href":"https:\/\/vocesdebaires.com.ar\/index.php\/wp-json\/wp\/v2\/media\/12606"}],"wp:attachment":[{"href":"https:\/\/vocesdebaires.com.ar\/index.php\/wp-json\/wp\/v2\/media?parent=12605"}],"wp:term":[{"taxonomy":"category","embeddable":true,"href":"https:\/\/vocesdebaires.com.ar\/index.php\/wp-json\/wp\/v2\/categories?post=12605"},{"taxonomy":"post_tag","embeddable":true,"href":"https:\/\/vocesdebaires.com.ar\/index.php\/wp-json\/wp\/v2\/tags?post=12605"}],"curies":[{"name":"wp","href":"https:\/\/api.w.org\/{rel}","templated":true}]}}