{"id":12635,"date":"2016-04-25T13:36:19","date_gmt":"2016-04-25T16:36:19","guid":{"rendered":"http:\/\/vocesdebaires.com.ar\/wordpress\/index.php\/2016\/04\/25\/con-los-manteros-reubicados-abrio-el-paseo-de-once\/"},"modified":"2016-04-25T13:36:19","modified_gmt":"2016-04-25T16:36:19","slug":"con-los-manteros-reubicados-abrio-el-paseo-de-once","status":"publish","type":"post","link":"https:\/\/vocesdebaires.com.ar\/index.php\/2016\/04\/25\/con-los-manteros-reubicados-abrio-el-paseo-de-once\/","title":{"rendered":"Con los manteros reubicados, abri\u00f3 el paseo de Once"},"content":{"rendered":"<p>\u00a0<br \/>\nAbri\u00f3 el paseo comercial en Once destinado a reubicar a los manteros desalojados de la avenida Avellaneda, en Flores. Desde el viernes funciona en un predio de Per\u00f3n entre Ecuador y Jean Jaures. La feria cuenta con 36 de los 87 puestos aprobados, despu\u00e9s de un proceso de selecci\u00f3n sobre mil inscripciones, informaron desde el Ministerio de Ambiente y Espacio P\u00fablico de la Ciudad.<br \/>\nEl paseo comercial, que en total podr\u00e1 contener 250 puestos en los 1.900 metros cuadrados (1.400 exteriores y 500 cubiertos) del predio, abre de lunes a viernes de 9 a 18 y s\u00e1bados de 9 a 14. Seg\u00fan indic\u00f3 el Gobierno porte\u00f1o al diario La Naci\u00f3n, los manteros no tienen que pagar ning\u00fan canon por el uso del puesto asignado.<br \/>\nLos interesados, una vez que se reabra la inscripci\u00f3n, deber\u00e1n presentar DNI, certificado de reincidencia, constancia de monotributo y facturas que indiquen la procedencia legal de la mercader\u00eda.Para organizar la reubicaci\u00f3n, el ministerio empez\u00f3 a censar a los manteros hace diez d\u00edas. Seg\u00fan fuentes de la Ciudad, la cantidad de vendedores contabilizados el primer d\u00eda fue de cerca de 40.<br \/>\nCon todo, diferentes asociaciones cuestionaron la capacidad del predio para albergar a los manteros desplazados. Seg\u00fan cifras de la asociaci\u00f3n Vendedores Libres, m\u00e1s de 3.400 fueron desalojados en los \u00faltimos cuatro meses.A su vez, los manteros de Flores se mostraron en contra de la reubicaci\u00f3n en Once y a favor en cambio de trasladarse a \u201clos sectores linderos al Ferrocarril\u201d sobre Venancio Flores y Nazca hasta Bah\u00eda Blanca. \u201cEllos tienen que comprender que un galp\u00f3n con 80 puestos no es una soluci\u00f3n seria\u201d, hab\u00eda dicho la semana pasada Jorge L\u00f3pez, delegado de los trabajadores.<br \/>\nCaballito &#8211; De la emergencia al desalojo total<br \/>\nEn enero, el Gobierno porte\u00f1o dispuso un operativo similar en la zona de Acoyte y Rivadavia, en Caballito, donde tambi\u00e9n hab\u00eda manteros. Desde ese entonces, las veredas de la zona permanecen libres, en parte gracias al amplio despliegue de efectivos policiales. Ese barrio era uno de los m\u00e1s afectados por la venta callejera: el a\u00f1o pasado hab\u00eda m\u00e1s de 600 puestos ilegales, la mayor\u00eda sobre Rivadavia entre el 4900 y el 5300, seg\u00fan datos de la Federaci\u00f3n de Comercio e Industria de la Ciudad de Buenos Aires (FECOBA). Es por eso que la C\u00e1mara de Comercio, Industria, Profesionales y Vecinos de Caballito (CamCab) hab\u00eda reclamado que se declarara all\u00ed el estado de emergencia del espacio p\u00fablico.<br \/>\nAvenida Avellaneda, muy custodiada<br \/>\nA casi dos semanas del desalojo de los vendedores callejeros en la avenida Avellaneda, en Flores, unos 500 agentes divididos en turnos vigilan la zona. Mientras tanto, los manteros de Avellaneda se movilizaron en repetidas oportunidades. La semana pasada, marcharon a la Direcci\u00f3n de Espacio P\u00fablico de la Ciudad, en Avenida Mart\u00edn Garc\u00eda 346. Quer\u00edan \u201cdiscutir una soluci\u00f3n l\u00f3gica al problema\u201d de los trabajadores de la v\u00eda p\u00fablica. \u201cNuestro objetivo es que las autoridades nos reciban y se dignen a dialogar con nosotros para encontrar una soluci\u00f3n l\u00f3gica y acorde a la problem\u00e1tica que tenemos\u201d, indic\u00f3 Jorge L\u00f3pez, delegado de los trabajadores. Su propuesta era trasladarse a terrenos ferroviarios de su barrio en lugar de a Once.<\/p>\n","protected":false},"excerpt":{"rendered":"<p>\u00a0 Abri\u00f3 el paseo comercial en Once destinado a reubicar a los manteros desalojados de la avenida Avellaneda, en Flores. Desde el viernes funciona en un predio de Per\u00f3n entre Ecuador y Jean Jaures. La feria cuenta con 36 de los 87 puestos aprobados, despu\u00e9s de un proceso de selecci\u00f3n sobre mil inscripciones, informaron desde [&hellip;]<\/p>\n","protected":false},"author":2,"featured_media":12636,"comment_status":"open","ping_status":"open","sticky":false,"template":"","format":"standard","meta":{"_et_pb_use_builder":"","_et_pb_old_content":"","_et_gb_content_width":"","footnotes":""},"categories":[11,33],"tags":[],"class_list":["post-12635","post","type-post","status-publish","format-standard","has-post-thumbnail","hentry","category-ciudad","category-sociedad-y-cultura-2"],"_links":{"self":[{"href":"https:\/\/vocesdebaires.com.ar\/index.php\/wp-json\/wp\/v2\/posts\/12635"}],"collection":[{"href":"https:\/\/vocesdebaires.com.ar\/index.php\/wp-json\/wp\/v2\/posts"}],"about":[{"href":"https:\/\/vocesdebaires.com.ar\/index.php\/wp-json\/wp\/v2\/types\/post"}],"author":[{"embeddable":true,"href":"https:\/\/vocesdebaires.com.ar\/index.php\/wp-json\/wp\/v2\/users\/2"}],"replies":[{"embeddable":true,"href":"https:\/\/vocesdebaires.com.ar\/index.php\/wp-json\/wp\/v2\/comments?post=12635"}],"version-history":[{"count":0,"href":"https:\/\/vocesdebaires.com.ar\/index.php\/wp-json\/wp\/v2\/posts\/12635\/revisions"}],"wp:featuredmedia":[{"embeddable":true,"href":"https:\/\/vocesdebaires.com.ar\/index.php\/wp-json\/wp\/v2\/media\/12636"}],"wp:attachment":[{"href":"https:\/\/vocesdebaires.com.ar\/index.php\/wp-json\/wp\/v2\/media?parent=12635"}],"wp:term":[{"taxonomy":"category","embeddable":true,"href":"https:\/\/vocesdebaires.com.ar\/index.php\/wp-json\/wp\/v2\/categories?post=12635"},{"taxonomy":"post_tag","embeddable":true,"href":"https:\/\/vocesdebaires.com.ar\/index.php\/wp-json\/wp\/v2\/tags?post=12635"}],"curies":[{"name":"wp","href":"https:\/\/api.w.org\/{rel}","templated":true}]}}