{"id":12657,"date":"2016-04-22T10:59:30","date_gmt":"2016-04-22T13:59:30","guid":{"rendered":"http:\/\/vocesdebaires.com.ar\/wordpress\/index.php\/2016\/04\/22\/el-fiscal-federico-delgado-solicito-que-sea-citado-martin-gontad\/"},"modified":"2016-04-22T10:59:30","modified_gmt":"2016-04-22T13:59:30","slug":"el-fiscal-federico-delgado-solicito-que-sea-citado-martin-gontad","status":"publish","type":"post","link":"https:\/\/vocesdebaires.com.ar\/index.php\/2016\/04\/22\/el-fiscal-federico-delgado-solicito-que-sea-citado-martin-gontad\/","title":{"rendered":"El fiscal Federico Delgado solicit\u00f3 que sea citado Martin Gontad"},"content":{"rendered":"<p>\u00a0<br \/>\nEl fiscal federal Federico Delgado, que investiga la tragedia de Costa Salguero, pidi\u00f3 que sea citado a declaraci\u00f3n indagatoria Martin Gontad, conocido como el \u201cRey\u201d de la electr\u00f3nica. En su momento, cuando se present\u00f3 como testigo en la causa dijo ser asesor de los organizadores del evento \u201cTime Warp\u201d.<br \/>\nAs\u00ed lo sostuvo el representante del Ministerio P\u00fablico en un dictamen presentado recientemente. En su testimonio, el ahora sospechoso, referente en Argentina como promotor de las fiestas electr\u00f3nicas m\u00e1s importantes, tal es el caso de la Creamfields y el Festival Time Warp, en el que murieron cinco j\u00f3venes el s\u00e1bado pasado; sostuvo que brindaba asesor\u00eda en contenidos art\u00edsticos: \u00abMi paga depende del asesoramiento que haya dado y de c\u00f3mo haya resultado la fiesta\u00bb, hab\u00eda dicho.<br \/>\n\u00abGontad agreg\u00f3 que su trabajo implica, sugerir, asesorar, vincular, acercar o intermediar con los artistas. Espec\u00edficamente mencion\u00f3 que ten\u00eda relaci\u00f3n con la marca Time Warp de Alemania y que por ello realiz\u00f3 gestiones con sus directivos para efectuar la fiesta en la Argentina. Que ello incluy\u00f3 el asesoramiento puntual sobre los artistas que deb\u00edan participar\u00bb, revel\u00f3 el fiscal en su dictamen.<br \/>\nAl explicar su solicitud, Delgado afirm\u00f3: \u00abEl objeto de la investigaci\u00f3n es el v\u00ednculo entre la organizaci\u00f3n de una fiesta, su despliegue y las, hasta ahora, cinco muertes producidas all\u00ed. De todo lo anterior, se desprende que Gontad fue uno de sus compositores\u00bb. Ahora, el juez Sebasti\u00e1n Casanello debe determinar si lo cita o no.<br \/>\n\u00a0<br \/>\n\u00a0<\/p>\n","protected":false},"excerpt":{"rendered":"<p>\u00a0 El fiscal federal Federico Delgado, que investiga la tragedia de Costa Salguero, pidi\u00f3 que sea citado a declaraci\u00f3n indagatoria Martin Gontad, conocido como el \u201cRey\u201d de la electr\u00f3nica. En su momento, cuando se present\u00f3 como testigo en la causa dijo ser asesor de los organizadores del evento \u201cTime Warp\u201d. As\u00ed lo sostuvo el representante [&hellip;]<\/p>\n","protected":false},"author":2,"featured_media":12658,"comment_status":"open","ping_status":"open","sticky":false,"template":"","format":"standard","meta":{"_et_pb_use_builder":"","_et_pb_old_content":"","_et_gb_content_width":"","footnotes":""},"categories":[12,34],"tags":[],"class_list":["post-12657","post","type-post","status-publish","format-standard","has-post-thumbnail","hentry","category-nacion","category-politica"],"_links":{"self":[{"href":"https:\/\/vocesdebaires.com.ar\/index.php\/wp-json\/wp\/v2\/posts\/12657"}],"collection":[{"href":"https:\/\/vocesdebaires.com.ar\/index.php\/wp-json\/wp\/v2\/posts"}],"about":[{"href":"https:\/\/vocesdebaires.com.ar\/index.php\/wp-json\/wp\/v2\/types\/post"}],"author":[{"embeddable":true,"href":"https:\/\/vocesdebaires.com.ar\/index.php\/wp-json\/wp\/v2\/users\/2"}],"replies":[{"embeddable":true,"href":"https:\/\/vocesdebaires.com.ar\/index.php\/wp-json\/wp\/v2\/comments?post=12657"}],"version-history":[{"count":0,"href":"https:\/\/vocesdebaires.com.ar\/index.php\/wp-json\/wp\/v2\/posts\/12657\/revisions"}],"wp:featuredmedia":[{"embeddable":true,"href":"https:\/\/vocesdebaires.com.ar\/index.php\/wp-json\/wp\/v2\/media\/12658"}],"wp:attachment":[{"href":"https:\/\/vocesdebaires.com.ar\/index.php\/wp-json\/wp\/v2\/media?parent=12657"}],"wp:term":[{"taxonomy":"category","embeddable":true,"href":"https:\/\/vocesdebaires.com.ar\/index.php\/wp-json\/wp\/v2\/categories?post=12657"},{"taxonomy":"post_tag","embeddable":true,"href":"https:\/\/vocesdebaires.com.ar\/index.php\/wp-json\/wp\/v2\/tags?post=12657"}],"curies":[{"name":"wp","href":"https:\/\/api.w.org\/{rel}","templated":true}]}}