{"id":12666,"date":"2016-04-21T12:43:43","date_gmt":"2016-04-21T15:43:43","guid":{"rendered":"http:\/\/vocesdebaires.com.ar\/wordpress\/index.php\/2016\/04\/21\/legislatura-audiencia-publica-por-el-distrito-joven\/"},"modified":"2016-04-21T12:43:43","modified_gmt":"2016-04-21T15:43:43","slug":"legislatura-audiencia-publica-por-el-distrito-joven","status":"publish","type":"post","link":"https:\/\/vocesdebaires.com.ar\/index.php\/2016\/04\/21\/legislatura-audiencia-publica-por-el-distrito-joven\/","title":{"rendered":"Legislatura: Audiencia P\u00fablica por el \u201cDistrito Joven\u201d"},"content":{"rendered":"<p>\u00a0<br \/>\nSe realiz\u00f3 la audiencia p\u00fablica, donde\u00a0 vecinos se manifestaron sobre la creaci\u00f3n del Distrito Joven en la Costanera Norte, que contendr\u00e1 diversos sectores, como una biblioteca moderna, sitios gastron\u00f3micos, centros culturales, boliches bailables y dem\u00e1s propuestas para aprovechar la costanera norte de la ciudad, creando un espacio con circulaci\u00f3n de gente permanente, con m\u00e1s seguridad y m\u00e1s espacios verdes.\u00a0La propuesta integral para personas de 15 a 29 a\u00f1os crea un corredor abierto con wi fi de recreaci\u00f3n para el d\u00eda y la noche con una red de ciclov\u00edas y peatonalizaci\u00f3n. Implica la modificaci\u00f3n de la zonificaci\u00f3n de una serie de predios, en el tramo comprendido entre el l\u00edmite de la ciudad con el partido de Vicente L\u00f3pez sobre el Rio de la Plata hasta la ribera de la D\u00e1rsena F del Puerto, respetando el camino de sirga al costado de la costa.<br \/>\nEl Director General de Pol\u00edticas de Juventud del Gobierno de la Ciudad, Fabi\u00e1n Pereyra, fue el primero en exponer sobre el\u00a0 Distrito Joven y afirm\u00f3 que ser\u00e1 un lugar donde \u201cla juventud pueda desarrollarse plenamente\u201d, tanto en la actividad nocturna como diurna.La mayor\u00eda de los j\u00f3venes expositores se manifest\u00f3 a favor, por considera que se puede aprovechar mejor la costanera con espacios p\u00fablicos y privados que brinden m\u00faltiples servicios, lugares de esparcimiento y formaci\u00f3n cultural.\u00a0 Algunos se opusieron, ya que sostuvieron que es necesario que haya m\u00e1s espacios verdes, en vez de espacios concesionados o adjudicados.<br \/>\nEsta instancia de participaci\u00f3n institucional, fue dirigida por el presidente de la Comisi\u00f3n de Planeamiento Urbano, diputado Agust\u00edn Forchieri (PRO), con la presencia de los diputados Victoria Rold\u00e1n M\u00e9ndez (PRO), Gabriel Sahonero (PRO), Daniel PrestI (PRO), L\u00eda Rueda (PRO), Mercedes de las Casas (PRO), Bengino Raposo Varela (PRO), Natalia Persini (PRO), Carolina Estebarena (PRO), Roy Cortina (PS), Hern\u00e1n Arce (PS) y Adri\u00e1n Camps (PSA).<br \/>\nVilla 15: apoyo a la apertura y denominaci\u00f3n de calles<br \/>\nVecinos apoyaron que se afecten a v\u00eda p\u00fablica y se denominen calles comprendidas en la fracci\u00f3n del terreno delimitado por las avenidas Eva Per\u00f3n, Luis Piedrabuena y antiguas v\u00edas del Ferrocarril. Se trata de un sector de las 38 hect\u00e1reas en las que habitan 25.000 personas. Fue poblado hace siete d\u00e9cadas atr\u00e1s y es conocido originalmente como Barrio Belgrano, y luego como Villa 15 &#8211; Ciudad Oculta.<br \/>\nLa ley que tuvo sanci\u00f3n inicial el 3 de diciembre de 2015 sobre un proyecto presentado por los diputados MC Jorge Arag\u00f3n y An\u00edbal Ibarra, establece denominaciones tales como Sim\u00f3n Guerrero, Hubac, Echeandia, Mart\u00edn Grandoli y Zuvir\u00eda. Tambi\u00e9n El Ferroviario, Juan Cymes, Carlos Armando Bustos, Daniel Bonifacio Chanampa, El Electricista, Ovidio G\u00f3mez, La arboleda, Miguel Reyes Barbosa y Movimiento de Villas.<br \/>\nLa norma encomienda al Poder Ejecutivo de la Ciudad Aut\u00f3noma de Buenos Aires la celebraci\u00f3n de los respectivos convenios con el Estado Nacional que resulten necesarios para la cesi\u00f3n de las v\u00edas p\u00fablicas as\u00ed como a adoptar todas las medidas conducentes a facilitar la provisi\u00f3n de servicios p\u00fablicos y la regularizaci\u00f3n dominial de los predios afectados.<br \/>\nLas intervenciones destacaron el proceso de participaci\u00f3n vecinal para la elecci\u00f3n de los nombres representativos de la historia y la identidad comunitaria. Se\u00f1alaron la calidad de reparaci\u00f3n hist\u00f3rica de la ley y coincidieron en que contribuir\u00e1 a la radicaci\u00f3n y urbanizaci\u00f3n del lugar permitiendo el ingreso de ambulancias y servicios b\u00e1sicos como electricidad, agua corriente, cloacas, vivienda digna, asfalto de los que carecen. Mar\u00eda Graciela Schmidt Rotela, madre de una farmac\u00e9utica hospitalaria, tras relatar que su documento de identidad no consigna direcci\u00f3n por vivir en la villa reclam\u00f3 a los legisladores: \u00abNo se olviden de nosotros, por favor.\u00bb<br \/>\nLa Audiencia fue presidida por el titular de la Comisi\u00f3n de Planeamiento Urbano, diputado Agust\u00edn Forchieri (PRO), quien estuvo acompa\u00f1ado por sus pares Javier Andrade (FpV), Benigno Raposo Varela, Victoria Rold\u00e1n M\u00e9ndez, Omar Abboud, Gabriel Sahonero, Daniel Presti, Cecilia De la Torre, Daniel Del Sol, Lia Rueda, Paula Villalba, Jos\u00e9 Luis Acevedo (PRO), Adri\u00e1n Camps (PSA) y Hern\u00e1n Rossi (SUMA+).<\/p>\n","protected":false},"excerpt":{"rendered":"<p>\u00a0 Se realiz\u00f3 la audiencia p\u00fablica, donde\u00a0 vecinos se manifestaron sobre la creaci\u00f3n del Distrito Joven en la Costanera Norte, que contendr\u00e1 diversos sectores, como una biblioteca moderna, sitios gastron\u00f3micos, centros culturales, boliches bailables y dem\u00e1s propuestas para aprovechar la costanera norte de la ciudad, creando un espacio con circulaci\u00f3n de gente permanente, con m\u00e1s [&hellip;]<\/p>\n","protected":false},"author":2,"featured_media":12667,"comment_status":"open","ping_status":"open","sticky":false,"template":"","format":"standard","meta":{"_et_pb_use_builder":"","_et_pb_old_content":"","_et_gb_content_width":"","footnotes":""},"categories":[11,33],"tags":[],"class_list":["post-12666","post","type-post","status-publish","format-standard","has-post-thumbnail","hentry","category-ciudad","category-sociedad-y-cultura-2"],"_links":{"self":[{"href":"https:\/\/vocesdebaires.com.ar\/index.php\/wp-json\/wp\/v2\/posts\/12666"}],"collection":[{"href":"https:\/\/vocesdebaires.com.ar\/index.php\/wp-json\/wp\/v2\/posts"}],"about":[{"href":"https:\/\/vocesdebaires.com.ar\/index.php\/wp-json\/wp\/v2\/types\/post"}],"author":[{"embeddable":true,"href":"https:\/\/vocesdebaires.com.ar\/index.php\/wp-json\/wp\/v2\/users\/2"}],"replies":[{"embeddable":true,"href":"https:\/\/vocesdebaires.com.ar\/index.php\/wp-json\/wp\/v2\/comments?post=12666"}],"version-history":[{"count":0,"href":"https:\/\/vocesdebaires.com.ar\/index.php\/wp-json\/wp\/v2\/posts\/12666\/revisions"}],"wp:featuredmedia":[{"embeddable":true,"href":"https:\/\/vocesdebaires.com.ar\/index.php\/wp-json\/wp\/v2\/media\/12667"}],"wp:attachment":[{"href":"https:\/\/vocesdebaires.com.ar\/index.php\/wp-json\/wp\/v2\/media?parent=12666"}],"wp:term":[{"taxonomy":"category","embeddable":true,"href":"https:\/\/vocesdebaires.com.ar\/index.php\/wp-json\/wp\/v2\/categories?post=12666"},{"taxonomy":"post_tag","embeddable":true,"href":"https:\/\/vocesdebaires.com.ar\/index.php\/wp-json\/wp\/v2\/tags?post=12666"}],"curies":[{"name":"wp","href":"https:\/\/api.w.org\/{rel}","templated":true}]}}