{"id":1282,"date":"2020-02-26T03:14:36","date_gmt":"2020-02-26T06:14:36","guid":{"rendered":"http:\/\/vocesdebaires.com.ar\/wordpress\/index.php\/2020\/02\/26\/ciudad-mercados-clases-gratuitas-de-cocina\/"},"modified":"2020-02-26T03:14:36","modified_gmt":"2020-02-26T06:14:36","slug":"ciudad-mercados-clases-gratuitas-de-cocina","status":"publish","type":"post","link":"https:\/\/vocesdebaires.com.ar\/index.php\/2020\/02\/26\/ciudad-mercados-clases-gratuitas-de-cocina\/","title":{"rendered":"Ciudad mercados: Clases gratuitas de cocina"},"content":{"rendered":"<p>La cultura, historia e identidad de las colectividades hoy est\u00e1 presente en los mercados de la Ciudad a trav\u00e9s de su gastronom\u00eda. El Mercado de Belgrano y el de San Nicol\u00e1s abren sus puertas para ofrecer a los vecinos clases magistrales de cocina para aprender y disfrutar la riqueza y tradici\u00f3n de cada una de las comunidades del mundo que forman parte de Buenos Aires. El foco est\u00e1 puesto en 4 ejes fundamentales: conocer, comprar, cocinar y comer. Si bien el plato de comida es lo que recibe m\u00e1s atenci\u00f3n, detr\u00e1s de \u00e9l se esconden 4 momentos claves: el conocimiento sobre los alimentos (frutas y verduras de estaci\u00f3n), la compra de alimentos en mercados donde hay nutricionistas que asesoran sobre los productos, el acto de cocinar estos productos y el momento de comer y compartir en familia.<\/p>\n<p>Entrada libre y gratuita<br \/>Jueves 27 de febrero, a las 18, Mercado de San Nicol\u00e1s (C\u00f3rdoba 1750)<\/p>\n<p>Escrita por Patricia Alonso<\/p>\n","protected":false},"excerpt":{"rendered":"<p>La cultura, historia e identidad de las colectividades hoy est\u00e1 presente en los mercados de la Ciudad a trav\u00e9s de su gastronom\u00eda. El Mercado de Belgrano y el de San Nicol\u00e1s abren sus puertas para ofrecer a los vecinos clases magistrales de cocina para aprender y disfrutar la riqueza y tradici\u00f3n de cada una de [&hellip;]<\/p>\n","protected":false},"author":1,"featured_media":1283,"comment_status":"open","ping_status":"open","sticky":false,"template":"","format":"standard","meta":{"_et_pb_use_builder":"","_et_pb_old_content":"","_et_gb_content_width":"","footnotes":""},"categories":[11,33],"tags":[],"class_list":["post-1282","post","type-post","status-publish","format-standard","has-post-thumbnail","hentry","category-ciudad","category-sociedad-y-cultura-2"],"_links":{"self":[{"href":"https:\/\/vocesdebaires.com.ar\/index.php\/wp-json\/wp\/v2\/posts\/1282"}],"collection":[{"href":"https:\/\/vocesdebaires.com.ar\/index.php\/wp-json\/wp\/v2\/posts"}],"about":[{"href":"https:\/\/vocesdebaires.com.ar\/index.php\/wp-json\/wp\/v2\/types\/post"}],"author":[{"embeddable":true,"href":"https:\/\/vocesdebaires.com.ar\/index.php\/wp-json\/wp\/v2\/users\/1"}],"replies":[{"embeddable":true,"href":"https:\/\/vocesdebaires.com.ar\/index.php\/wp-json\/wp\/v2\/comments?post=1282"}],"version-history":[{"count":0,"href":"https:\/\/vocesdebaires.com.ar\/index.php\/wp-json\/wp\/v2\/posts\/1282\/revisions"}],"wp:featuredmedia":[{"embeddable":true,"href":"https:\/\/vocesdebaires.com.ar\/index.php\/wp-json\/wp\/v2\/media\/1283"}],"wp:attachment":[{"href":"https:\/\/vocesdebaires.com.ar\/index.php\/wp-json\/wp\/v2\/media?parent=1282"}],"wp:term":[{"taxonomy":"category","embeddable":true,"href":"https:\/\/vocesdebaires.com.ar\/index.php\/wp-json\/wp\/v2\/categories?post=1282"},{"taxonomy":"post_tag","embeddable":true,"href":"https:\/\/vocesdebaires.com.ar\/index.php\/wp-json\/wp\/v2\/tags?post=1282"}],"curies":[{"name":"wp","href":"https:\/\/api.w.org\/{rel}","templated":true}]}}