{"id":1288,"date":"2020-02-26T03:00:00","date_gmt":"2020-02-26T06:00:00","guid":{"rendered":"http:\/\/vocesdebaires.com.ar\/wordpress\/index.php\/2020\/02\/26\/recorridos-gratuitos-en-la-reserva-ecologica\/"},"modified":"2020-02-26T03:00:00","modified_gmt":"2020-02-26T06:00:00","slug":"recorridos-gratuitos-en-la-reserva-ecologica","status":"publish","type":"post","link":"https:\/\/vocesdebaires.com.ar\/index.php\/2020\/02\/26\/recorridos-gratuitos-en-la-reserva-ecologica\/","title":{"rendered":"Recorridos gratuitos en la Reserva Ecol\u00f3gica"},"content":{"rendered":"<p>La Costanera Sur es un espacio ideal para disfrutar de diferentes actividades al aire libre en estas vacaciones. Hay visitas guiadas en bicicleta, caminatas, observaciones con microscopios, cuentos, visitas nocturnas y m\u00e1s. El men\u00fa para elegir incluye cinco caminatas o recorridos y dos actividades did\u00e1cticas. Se recomienda fuertemente llevar repelente, mantenerse hidratado, usar ropa c\u00f3moda, llevar protector solar y gorra para los m\u00e1s peque\u00f1os. Reserva Ecol\u00f3gica Costanera Sur: Trist\u00e1n Achaval Rodr\u00edguez 1550. Punto de encuentro: Ingreso por Brasil, en la Caba\u00f1a de Gu\u00edas.<\/p>\n<p>Visitas<br \/>Visita guiada en bicicleta<br \/>martes, mi\u00e9rcoles y jueves, de 9 a 11.<br \/>Una recorrida de 8 km en bicicleta con gu\u00edas de la Reserva. Es una actividad para toda la familia. Traer bicicleta, la Reserva no cuenta con bicicletas.<\/p>\n<p>Recorrido:<br \/>Partida: Caba\u00f1a de Interpretaci\u00f3n Ambiental.<br \/>Camino de lagartos: parada en mirador.<br \/>Camino de los alisos: parada en Canal Viamonte.<br \/>Camino de los sauces: parada en la usina.<br \/>Camino de los plumerillos: Hasta punto de encuentro.<br \/>Visita guiada caminando<br \/>martes, mi\u00e9rcoles y jueves, de 9 a 11.<\/p>\n<p>Recorrido de 2 km junto con gu\u00edas desde el ingreso hasta el \u00e1rea de descanso junto al R\u00edo de la Plata. Visita guiada sobre \u00e1rboles y plantas nativas martes, mi\u00e9rcoles y jueves, de 11 a 12.Recorrido de 2 km por la Reserva, con la detecci\u00f3n y explicaci\u00f3n de las plantas y \u00e1rboles nativos, su importancia y rol en la reserva.<\/p>\n<p>Qu\u00e9 pasa de noche<br \/>viernes, de 20 a 23.<br \/>Recorrida nocturna por la Reserva desde el ingreso hasta el r\u00edo, acompa\u00f1ados por gu\u00edas. Actividad para mayores de 12 a\u00f1os. Se requiere inscripci\u00f3n previa, v\u00eda mail: <a href=\"mailto:visitasguiadas_recs@buenosaires.gob.ar\">visitasguiadas_recs@buenosaires.gob.ar<\/a>. Los mail se recepcionan el lunes anterior a la visita a partir de las 8 de la ma\u00f1ana, hasta cubrir el cupo de 150 inscriptos. Los mails que ingresen antes de las 8, ser\u00e1n descartados. Se pueden anotar 4 personas por mail. Datos obligatorios, nombre, apellido, DNI, mail y tel\u00e9fono de contacto. (Uno por grupo anotado).<br \/>Otras actividades<br \/>Desde lejos no se ve<br \/>martes, de 12 a 13.<\/p>\n<p>En el centro de interpretaci\u00f3n se dispondr\u00e1n 2 mesas con 2 microscopios, uno \u00f3ptico y otro digital. Asistido con bi\u00f3logos de la reserva, los visitantes podr\u00e1n apreciar de cerca los animales m\u00e1s peque\u00f1os que viven en la reserva.<\/p>\n<p>La Reserva cuenta con vos<br \/>jueves, de 17.15 a 17.45.<br \/>Narraci\u00f3n de cuentos y leyendas sobre la fauna. Actividad participativa, para toda la familia.<\/p>\n<p>Escrito por Gustavo Godoy<\/p>\n","protected":false},"excerpt":{"rendered":"<p>La Costanera Sur es un espacio ideal para disfrutar de diferentes actividades al aire libre en estas vacaciones. Hay visitas guiadas en bicicleta, caminatas, observaciones con microscopios, cuentos, visitas nocturnas y m\u00e1s. El men\u00fa para elegir incluye cinco caminatas o recorridos y dos actividades did\u00e1cticas. Se recomienda fuertemente llevar repelente, mantenerse hidratado, usar ropa c\u00f3moda, [&hellip;]<\/p>\n","protected":false},"author":1,"featured_media":1289,"comment_status":"open","ping_status":"open","sticky":false,"template":"","format":"standard","meta":{"_et_pb_use_builder":"","_et_pb_old_content":"","_et_gb_content_width":"","footnotes":""},"categories":[11,32],"tags":[],"class_list":["post-1288","post","type-post","status-publish","format-standard","has-post-thumbnail","hentry","category-ciudad","category-comunas"],"_links":{"self":[{"href":"https:\/\/vocesdebaires.com.ar\/index.php\/wp-json\/wp\/v2\/posts\/1288"}],"collection":[{"href":"https:\/\/vocesdebaires.com.ar\/index.php\/wp-json\/wp\/v2\/posts"}],"about":[{"href":"https:\/\/vocesdebaires.com.ar\/index.php\/wp-json\/wp\/v2\/types\/post"}],"author":[{"embeddable":true,"href":"https:\/\/vocesdebaires.com.ar\/index.php\/wp-json\/wp\/v2\/users\/1"}],"replies":[{"embeddable":true,"href":"https:\/\/vocesdebaires.com.ar\/index.php\/wp-json\/wp\/v2\/comments?post=1288"}],"version-history":[{"count":0,"href":"https:\/\/vocesdebaires.com.ar\/index.php\/wp-json\/wp\/v2\/posts\/1288\/revisions"}],"wp:featuredmedia":[{"embeddable":true,"href":"https:\/\/vocesdebaires.com.ar\/index.php\/wp-json\/wp\/v2\/media\/1289"}],"wp:attachment":[{"href":"https:\/\/vocesdebaires.com.ar\/index.php\/wp-json\/wp\/v2\/media?parent=1288"}],"wp:term":[{"taxonomy":"category","embeddable":true,"href":"https:\/\/vocesdebaires.com.ar\/index.php\/wp-json\/wp\/v2\/categories?post=1288"},{"taxonomy":"post_tag","embeddable":true,"href":"https:\/\/vocesdebaires.com.ar\/index.php\/wp-json\/wp\/v2\/tags?post=1288"}],"curies":[{"name":"wp","href":"https:\/\/api.w.org\/{rel}","templated":true}]}}