{"id":1318,"date":"2020-02-21T03:00:00","date_gmt":"2020-02-21T06:00:00","guid":{"rendered":"http:\/\/vocesdebaires.com.ar\/wordpress\/index.php\/2020\/02\/21\/jornada-de-articulacion-primaria-y-secundaria\/"},"modified":"2020-02-21T03:00:00","modified_gmt":"2020-02-21T06:00:00","slug":"jornada-de-articulacion-primaria-y-secundaria","status":"publish","type":"post","link":"https:\/\/vocesdebaires.com.ar\/index.php\/2020\/02\/21\/jornada-de-articulacion-primaria-y-secundaria\/","title":{"rendered":"Jornada de articulaci\u00f3n Primaria y Secundaria"},"content":{"rendered":"<p>El jefe de Gobierno porte\u00f1o, Horacio Rodr\u00edguez Larreta, particip\u00f3\u00a0 ayer de una jornada de articulaci\u00f3n Primaria y Secundaria en la Escuela de Comercio N\u00ba 31 D.E. 9 de Palermo, que tiene como objetivo preparar a los estudiantes en el traspaso de nivel educativo.Rodr\u00edguez Larreta destac\u00f3 que \u201cya empezamos las clases en la Ciudad\u201d y se\u00f1al\u00f3 que con este programa \u201clos chicos de 1\u00ba empiezan dos semanas antes\u201d, lo cual \u201cayuda mucho a la transici\u00f3n entre Primaria y Secundaria\u201d.<\/p>\n<p>\u201cLos chicos est\u00e1n s\u00faper entusiasmados&#8230; Y los maestros tambi\u00e9n\u00bb, agreg\u00f3. Tambi\u00e9n estuvieron presentes en la actividad el jefe de Gabinete, Felipe Miguel, y la ministra de Educaci\u00f3n de la Ciudad, Soledad Acu\u00f1a, La ministra explic\u00f3 que \u201cya tenemos 24.000 chicos y chicas que est\u00e1n en las escuelas secundarias\u201d.Sobre el Curso de Articulaci\u00f3n, Acu\u00f1a dijo que sirve \u201cpara adaptarlos al proceso de una nueva instancia en su vida, donde tienen m\u00e1s profesores, nuevas asignaturas\u201d, y agreg\u00f3: \u201cEsta escuela adem\u00e1s es una secundaria del futuro, as\u00ed que aprenden de manera distinta y con la tecnolog\u00eda a disposici\u00f3n, prepar\u00e1ndose para los desaf\u00edos del futuro\u201d.<\/p>\n<p>Este curso comenz\u00f3 el lunes 17 de febrero y finalizar\u00e1 el viernes 28 del mismo mes. Se dicta simult\u00e1neamente en todas las escuelas p\u00fablicas de la Ciudad, por lo que cada alumno lo realiza en el mismo lugar donde comenzar\u00e1 el ciclo lectivo. Es el cuarto a\u00f1o consecutivo que se implementa este tipo de programa, que suma 10 d\u00edas de clases en donde cada estudiante conoce a sus compa\u00f1eros y a los docentes, a la vez que refuerza los contenidos antes del inicio de la cursada. Los contenidos se dividen en cuatro ejes: Pr\u00e1cticas del Lenguaje, Matem\u00e1tica, Metodolog\u00eda del Estudio y Educaci\u00f3n Sexual Integral. Cada alumno recibe un cuadernillo por cada bloque tem\u00e1tico.<\/p>\n<p>Escrito por Patricia Alonso<\/p>\n","protected":false},"excerpt":{"rendered":"<p>El jefe de Gobierno porte\u00f1o, Horacio Rodr\u00edguez Larreta, particip\u00f3\u00a0 ayer de una jornada de articulaci\u00f3n Primaria y Secundaria en la Escuela de Comercio N\u00ba 31 D.E. 9 de Palermo, que tiene como objetivo preparar a los estudiantes en el traspaso de nivel educativo.Rodr\u00edguez Larreta destac\u00f3 que \u201cya empezamos las clases en la Ciudad\u201d y se\u00f1al\u00f3 [&hellip;]<\/p>\n","protected":false},"author":1,"featured_media":1319,"comment_status":"open","ping_status":"open","sticky":false,"template":"","format":"standard","meta":{"_et_pb_use_builder":"","_et_pb_old_content":"","_et_gb_content_width":"","footnotes":""},"categories":[11,32],"tags":[],"class_list":["post-1318","post","type-post","status-publish","format-standard","has-post-thumbnail","hentry","category-ciudad","category-comunas"],"_links":{"self":[{"href":"https:\/\/vocesdebaires.com.ar\/index.php\/wp-json\/wp\/v2\/posts\/1318"}],"collection":[{"href":"https:\/\/vocesdebaires.com.ar\/index.php\/wp-json\/wp\/v2\/posts"}],"about":[{"href":"https:\/\/vocesdebaires.com.ar\/index.php\/wp-json\/wp\/v2\/types\/post"}],"author":[{"embeddable":true,"href":"https:\/\/vocesdebaires.com.ar\/index.php\/wp-json\/wp\/v2\/users\/1"}],"replies":[{"embeddable":true,"href":"https:\/\/vocesdebaires.com.ar\/index.php\/wp-json\/wp\/v2\/comments?post=1318"}],"version-history":[{"count":0,"href":"https:\/\/vocesdebaires.com.ar\/index.php\/wp-json\/wp\/v2\/posts\/1318\/revisions"}],"wp:featuredmedia":[{"embeddable":true,"href":"https:\/\/vocesdebaires.com.ar\/index.php\/wp-json\/wp\/v2\/media\/1319"}],"wp:attachment":[{"href":"https:\/\/vocesdebaires.com.ar\/index.php\/wp-json\/wp\/v2\/media?parent=1318"}],"wp:term":[{"taxonomy":"category","embeddable":true,"href":"https:\/\/vocesdebaires.com.ar\/index.php\/wp-json\/wp\/v2\/categories?post=1318"},{"taxonomy":"post_tag","embeddable":true,"href":"https:\/\/vocesdebaires.com.ar\/index.php\/wp-json\/wp\/v2\/tags?post=1318"}],"curies":[{"name":"wp","href":"https:\/\/api.w.org\/{rel}","templated":true}]}}