{"id":1330,"date":"2020-02-17T03:00:00","date_gmt":"2020-02-17T06:00:00","guid":{"rendered":"http:\/\/vocesdebaires.com.ar\/wordpress\/index.php\/2020\/02\/17\/verano-2020-en-el-museo-del-cine\/"},"modified":"2020-02-17T03:00:00","modified_gmt":"2020-02-17T06:00:00","slug":"verano-2020-en-el-museo-del-cine","status":"publish","type":"post","link":"https:\/\/vocesdebaires.com.ar\/index.php\/2020\/02\/17\/verano-2020-en-el-museo-del-cine\/","title":{"rendered":"Verano 2020 en el Museo del Cine"},"content":{"rendered":"<p>Durante el verano el Museo del Cine \u201cPablo Ducr\u00f3s Hicken\u201d ofrece una variedad de atractivas propuestas para aprender y jugar.Visitas guiadas a la muestra permanente | Domingos a las 16 h. El Museo ofrece un recorrido por su muestra permanente, con el objetivo de acercar al p\u00fablico general a distintos aspectos y curiosidades de la historia del cine en la Argentina.<\/p>\n<p>Entrada general $50<\/p>\n<p>Mirada \u00e9pica | S\u00e1bados 15 y 22 de febrero a las 15 h<br \/>Visita guiada por nuestra exposici\u00f3n permanente, abordando la historia del cine argentino desde diversas perspectivas. Luego la visita se extiende hacia otros rincones de La Boca como La Usina del Arte, El Galp\u00f3n de teatro comunitario Catalinas Sur y los murales emblem\u00e1ticos de la zona.<\/p>\n<p>Entrada libre y gratuita<br \/>Programaci\u00f3n de cine<br \/>Viernes de VHS | Todos los viernes a las 18 h<br \/>Se presentar\u00e1n pel\u00edculas producidas bajo el sello del VHS con la participaci\u00f3n de su director y debate posterior. Hay estrenos, pre-estrenos, work-in-progress que utilizan im\u00e1genes en VHS, un documental sobre pel\u00edculas realizadas en VHS, un cat\u00e1logo-enciclopedia en VHS, unas cintas VHS encontradas que dieron inicio a un proyecto de pel\u00edcula, unas primeras pel\u00edculas hechas en VHS cuando realizadores conocidos reci\u00e9n empezaban, un grupo de youtubers que compilaron sus primeros \u00e9xitos en la red en formato VHS; en fin, un ciclo cerrado con final abierto para ver todos los viernes un tape y compartirlo con el p\u00fablico presente.<\/p>\n<p>Actividad gratuita<\/p>\n<p>Cl\u00e1sicos animados | S\u00e1bados y domingos a las 15.30 h<br \/>Programa 1 y 2: El Museo del Cine contin\u00faa con la segunda parte de la primera aparici\u00f3n animada de S\u00faperman considerado primer superh\u00e9roe de la historia. Entre 1941 y 1942, los hermanos Fleischer llevaron al superh\u00e9roe de c\u00f3mics a la pantalla, y fueron quienes, entre otras cosas, lo dotaron con la facultad de volar. La serie, continuada entre 1942 y 1943 por Famous Studios, es considerada una de las mejores realizaciones dentro de la edad dorada de la animaci\u00f3n estadounidense.<\/p>\n<p>Programa 3: Cortos de animaci\u00f3n de Fleischer Studios: Una selecci\u00f3n de las originales creaciones del estudio fundado en 1921 por los hermanos Fleischer, quienes supieron ser fuertes competidores de Disney. El programa incluye a la entra\u00f1able Betty Boop, especiales apariciones del multifac\u00e9tico Bimbo, Popeye el Marino y el debut animado del gran superh\u00e9roe: Superman.<\/p>\n<p>Programa 4: Van Beuren Studios: Junto con la serie de Fleischer Studios, esta selecci\u00f3n representa la genialidad de los dibujos animados estadounidenses durante la llamada \u201cGran Depresi\u00f3n\u201d (d\u00e9cada de los a\u00f1os 30).<\/p>\n<p>Entrada general $50<\/p>\n<p>Espacios interactivos y de descanso<br \/>Teatro de Sombras | Espacio Path\u00e9 Baby | S\u00e1bados y domingos de febrero a las 16 h<br \/>Un lugar de calma que invita a crear desde la proyecci\u00f3n de sombras y colores, invitando a jugar a los m\u00e1s peque\u00f1os con los principios b\u00e1sicos del cine. El mismo est\u00e1 cuenta con almohadones y un ambiente c\u00f3modo para pasar un lindo rato.<\/p>\n<p>Actividad gratuita I Edad recomendada: de 0 a 3 a\u00f1os<\/p>\n<p>Espacio videojuegos | S\u00e1bados de febrero<br \/>Los invitamos a recordar aquellos juegos de nuestra infancia a trav\u00e9s de una colecci\u00f3n de antiguos videojuegos Atari de uso libre para jugar en familia, y compartir la experiencia con chicas y chicos en un viaje hacia las plataformas del audiovisual inform\u00e1tico que comenzaban t\u00edmidamente a conectarse al televisor de la sala familiar.<\/p>\n<p>Entrada general $50 I Edad recomendada: de 8 a 12 y padres<\/p>\n<p>Escrito por Alejandro Godoy<\/p>\n","protected":false},"excerpt":{"rendered":"<p>Durante el verano el Museo del Cine \u201cPablo Ducr\u00f3s Hicken\u201d ofrece una variedad de atractivas propuestas para aprender y jugar.Visitas guiadas a la muestra permanente | Domingos a las 16 h. El Museo ofrece un recorrido por su muestra permanente, con el objetivo de acercar al p\u00fablico general a distintos aspectos y curiosidades de la [&hellip;]<\/p>\n","protected":false},"author":1,"featured_media":1331,"comment_status":"open","ping_status":"open","sticky":false,"template":"","format":"standard","meta":{"_et_pb_use_builder":"","_et_pb_old_content":"","_et_gb_content_width":"","footnotes":""},"categories":[11,32],"tags":[],"class_list":["post-1330","post","type-post","status-publish","format-standard","has-post-thumbnail","hentry","category-ciudad","category-comunas"],"_links":{"self":[{"href":"https:\/\/vocesdebaires.com.ar\/index.php\/wp-json\/wp\/v2\/posts\/1330"}],"collection":[{"href":"https:\/\/vocesdebaires.com.ar\/index.php\/wp-json\/wp\/v2\/posts"}],"about":[{"href":"https:\/\/vocesdebaires.com.ar\/index.php\/wp-json\/wp\/v2\/types\/post"}],"author":[{"embeddable":true,"href":"https:\/\/vocesdebaires.com.ar\/index.php\/wp-json\/wp\/v2\/users\/1"}],"replies":[{"embeddable":true,"href":"https:\/\/vocesdebaires.com.ar\/index.php\/wp-json\/wp\/v2\/comments?post=1330"}],"version-history":[{"count":0,"href":"https:\/\/vocesdebaires.com.ar\/index.php\/wp-json\/wp\/v2\/posts\/1330\/revisions"}],"wp:featuredmedia":[{"embeddable":true,"href":"https:\/\/vocesdebaires.com.ar\/index.php\/wp-json\/wp\/v2\/media\/1331"}],"wp:attachment":[{"href":"https:\/\/vocesdebaires.com.ar\/index.php\/wp-json\/wp\/v2\/media?parent=1330"}],"wp:term":[{"taxonomy":"category","embeddable":true,"href":"https:\/\/vocesdebaires.com.ar\/index.php\/wp-json\/wp\/v2\/categories?post=1330"},{"taxonomy":"post_tag","embeddable":true,"href":"https:\/\/vocesdebaires.com.ar\/index.php\/wp-json\/wp\/v2\/tags?post=1330"}],"curies":[{"name":"wp","href":"https:\/\/api.w.org\/{rel}","templated":true}]}}