{"id":1340,"date":"2020-02-14T03:00:00","date_gmt":"2020-02-14T06:00:00","guid":{"rendered":"http:\/\/vocesdebaires.com.ar\/wordpress\/index.php\/2020\/02\/14\/comuna-7-nuevo-centro-de-documentacion-rapida\/"},"modified":"2020-02-14T03:00:00","modified_gmt":"2020-02-14T06:00:00","slug":"comuna-7-nuevo-centro-de-documentacion-rapida","status":"publish","type":"post","link":"https:\/\/vocesdebaires.com.ar\/index.php\/2020\/02\/14\/comuna-7-nuevo-centro-de-documentacion-rapida\/","title":{"rendered":"Comuna 7: Nuevo Centro de Documentaci\u00f3n R\u00e1pida"},"content":{"rendered":"<p>Desde el 1 de abril de 2019 la Subsede Comunal 7, ubicada en Emilio Mitre 956 contar\u00e1 con un Centro de Documentaci\u00f3n R\u00e1pida donde podr\u00e1n realizarse tr\u00e1mites para el empadronamiento de extranjeros, pasaporte y DNI. Funcionar\u00e1 de lunes a viernes de 8.30 a 14 hs. Se debe solicitar turnos a trav\u00e9s del 147 o por la web.<\/p>\n<p>Algunos de los tr\u00e1mites que podr\u00e1s realizar son:<br \/>Pasaporte por primera vez<br \/>Rectificaci\u00f3n de pasaporte<br \/>Reposici\u00f3n de pasaporte<br \/>DNI nuevo ejemplar<br \/>DNI cambio de domicilio<br \/>DNI actualizaci\u00f3n de menor (5 a 8 a\u00f1os)<br \/>DNI actualizaci\u00f3n de menor extranjero (5 a 8 a\u00f1os)<br \/>DNI reposici\u00f3n<br \/>DNI actualizaci\u00f3n menores de 14 a\u00f1os<br \/>DNI actualizaci\u00f3n menores de 14 a\u00f1os de extranjeros<br \/>DNI nuevo ejemplar extranjeros<br \/>DNI cambio de domicilio de extranjeros<br \/>DNI identificaci\u00f3n del reci\u00e9n nacido (0 a\u00f1os)<\/p>\n<p>Escrito por Patricia Alonso<\/p>\n","protected":false},"excerpt":{"rendered":"<p>Desde el 1 de abril de 2019 la Subsede Comunal 7, ubicada en Emilio Mitre 956 contar\u00e1 con un Centro de Documentaci\u00f3n R\u00e1pida donde podr\u00e1n realizarse tr\u00e1mites para el empadronamiento de extranjeros, pasaporte y DNI. Funcionar\u00e1 de lunes a viernes de 8.30 a 14 hs. Se debe solicitar turnos a trav\u00e9s del 147 o por [&hellip;]<\/p>\n","protected":false},"author":1,"featured_media":1341,"comment_status":"open","ping_status":"open","sticky":false,"template":"","format":"standard","meta":{"_et_pb_use_builder":"","_et_pb_old_content":"","_et_gb_content_width":"","footnotes":""},"categories":[11,32],"tags":[],"class_list":["post-1340","post","type-post","status-publish","format-standard","has-post-thumbnail","hentry","category-ciudad","category-comunas"],"_links":{"self":[{"href":"https:\/\/vocesdebaires.com.ar\/index.php\/wp-json\/wp\/v2\/posts\/1340"}],"collection":[{"href":"https:\/\/vocesdebaires.com.ar\/index.php\/wp-json\/wp\/v2\/posts"}],"about":[{"href":"https:\/\/vocesdebaires.com.ar\/index.php\/wp-json\/wp\/v2\/types\/post"}],"author":[{"embeddable":true,"href":"https:\/\/vocesdebaires.com.ar\/index.php\/wp-json\/wp\/v2\/users\/1"}],"replies":[{"embeddable":true,"href":"https:\/\/vocesdebaires.com.ar\/index.php\/wp-json\/wp\/v2\/comments?post=1340"}],"version-history":[{"count":0,"href":"https:\/\/vocesdebaires.com.ar\/index.php\/wp-json\/wp\/v2\/posts\/1340\/revisions"}],"wp:featuredmedia":[{"embeddable":true,"href":"https:\/\/vocesdebaires.com.ar\/index.php\/wp-json\/wp\/v2\/media\/1341"}],"wp:attachment":[{"href":"https:\/\/vocesdebaires.com.ar\/index.php\/wp-json\/wp\/v2\/media?parent=1340"}],"wp:term":[{"taxonomy":"category","embeddable":true,"href":"https:\/\/vocesdebaires.com.ar\/index.php\/wp-json\/wp\/v2\/categories?post=1340"},{"taxonomy":"post_tag","embeddable":true,"href":"https:\/\/vocesdebaires.com.ar\/index.php\/wp-json\/wp\/v2\/tags?post=1340"}],"curies":[{"name":"wp","href":"https:\/\/api.w.org\/{rel}","templated":true}]}}