{"id":1346,"date":"2020-02-14T03:00:00","date_gmt":"2020-02-14T06:00:00","guid":{"rendered":"http:\/\/vocesdebaires.com.ar\/wordpress\/index.php\/2020\/02\/14\/las-piletas-en-los-polideportivos-portenos\/"},"modified":"2020-02-14T03:00:00","modified_gmt":"2020-02-14T06:00:00","slug":"las-piletas-en-los-polideportivos-portenos","status":"publish","type":"post","link":"https:\/\/vocesdebaires.com.ar\/index.php\/2020\/02\/14\/las-piletas-en-los-polideportivos-portenos\/","title":{"rendered":"Las piletas en los polideportivos porte\u00f1os"},"content":{"rendered":"<p>Desde el mes de enero, los parques y polideportivos porte\u00f1os recibieron a los miles de chicos y chicas que disfrutaron de las Colonias Deportivas 2020 y, a su vez, comenzaron a funcionar las piletas p\u00fablicas para todas las personas que quieren disfrutar del verano en la Ciudad.<\/p>\n<p>El importe que se cobra a los que concurren a los establecimientos es el siguiente: los adultos pagan $ 70 mientras que los ni\u00f1os y ni\u00f1as de 5 a 12 a\u00f1os y los jubilados abonan $40. Los menores de 5 a\u00f1os ingresan gratis.<\/p>\n<p>El acceso a las piletas es por orden de llegada hasta agotar el cupo disponible, no hace falta realizar una inscripci\u00f3n previa y la primera vez se realiza una revisaci\u00f3n m\u00e9dica que tiene validez para toda la temporada de verano.<\/p>\n<p>A continuaci\u00f3n les detallamos los parques y polideportivos a los que pueden acudir para utilizar las piletas:<br \/>Parque Manuel Belgrano (ex KDT): Salguero 3450 Tel: 4807-7700<br \/>Parque Sarmiento: Av. R. Balb\u00edn 4750 Tel: 4547-0882<br \/>Polideportivo Colegiales: Freire 234 Tel: 4555-6838<br \/>Polideportivo Costa Rica: Constituyentes y Chorroar\u00edn Tel: 4521-8063<br \/>Polideportivo Chacabuco: Av. Eva Per\u00f3n 1410 Tel: 4921- 5776<br \/>Polideportivo Avellaneda: Lacarra 1257 Tel: 4671-5932<br \/>Polideportivo Pomar: Mercedes 1300 Tel: 4568-0184<br \/>Polideportivo Santojanni: Patr\u00f3n 6222 Tel: 4641-2462<br \/>Polideportivo Dorrego: Lisandro de la Torre y Monte Tel: 4687- 6823<br \/>Polideportivo Mart\u00edn Fierro: Oruro 1300 Tel: 4941-2054<br \/>Polideportivo Patricios: Pepiri 135 Tel: 4911-4642<br \/>Polideportivo Pereyra: V\u00e9lez Tel: 4301-3700<\/p>\n<p>Escrito por Patricia Alonso<\/p>\n","protected":false},"excerpt":{"rendered":"<p>Desde el mes de enero, los parques y polideportivos porte\u00f1os recibieron a los miles de chicos y chicas que disfrutaron de las Colonias Deportivas 2020 y, a su vez, comenzaron a funcionar las piletas p\u00fablicas para todas las personas que quieren disfrutar del verano en la Ciudad. El importe que se cobra a los que [&hellip;]<\/p>\n","protected":false},"author":1,"featured_media":1347,"comment_status":"open","ping_status":"open","sticky":false,"template":"","format":"standard","meta":{"_et_pb_use_builder":"","_et_pb_old_content":"","_et_gb_content_width":"","footnotes":""},"categories":[11,32],"tags":[],"class_list":["post-1346","post","type-post","status-publish","format-standard","has-post-thumbnail","hentry","category-ciudad","category-comunas"],"_links":{"self":[{"href":"https:\/\/vocesdebaires.com.ar\/index.php\/wp-json\/wp\/v2\/posts\/1346"}],"collection":[{"href":"https:\/\/vocesdebaires.com.ar\/index.php\/wp-json\/wp\/v2\/posts"}],"about":[{"href":"https:\/\/vocesdebaires.com.ar\/index.php\/wp-json\/wp\/v2\/types\/post"}],"author":[{"embeddable":true,"href":"https:\/\/vocesdebaires.com.ar\/index.php\/wp-json\/wp\/v2\/users\/1"}],"replies":[{"embeddable":true,"href":"https:\/\/vocesdebaires.com.ar\/index.php\/wp-json\/wp\/v2\/comments?post=1346"}],"version-history":[{"count":0,"href":"https:\/\/vocesdebaires.com.ar\/index.php\/wp-json\/wp\/v2\/posts\/1346\/revisions"}],"wp:featuredmedia":[{"embeddable":true,"href":"https:\/\/vocesdebaires.com.ar\/index.php\/wp-json\/wp\/v2\/media\/1347"}],"wp:attachment":[{"href":"https:\/\/vocesdebaires.com.ar\/index.php\/wp-json\/wp\/v2\/media?parent=1346"}],"wp:term":[{"taxonomy":"category","embeddable":true,"href":"https:\/\/vocesdebaires.com.ar\/index.php\/wp-json\/wp\/v2\/categories?post=1346"},{"taxonomy":"post_tag","embeddable":true,"href":"https:\/\/vocesdebaires.com.ar\/index.php\/wp-json\/wp\/v2\/tags?post=1346"}],"curies":[{"name":"wp","href":"https:\/\/api.w.org\/{rel}","templated":true}]}}