{"id":1348,"date":"2020-02-14T03:00:00","date_gmt":"2020-02-14T06:00:00","guid":{"rendered":"http:\/\/vocesdebaires.com.ar\/wordpress\/index.php\/2020\/02\/14\/plaza-pueyrredon-incorporacion-de-rejas\/"},"modified":"2020-02-14T03:00:00","modified_gmt":"2020-02-14T06:00:00","slug":"plaza-pueyrredon-incorporacion-de-rejas","status":"publish","type":"post","link":"https:\/\/vocesdebaires.com.ar\/index.php\/2020\/02\/14\/plaza-pueyrredon-incorporacion-de-rejas\/","title":{"rendered":"Plaza Pueyrred\u00f3n: Incorporaci\u00f3n de rejas"},"content":{"rendered":"<p>Seguimos avanzando en la instalaci\u00f3n de rejas de protecci\u00f3n en la Comuna. En esta oportunidad, se realiz\u00f3 la colocaci\u00f3n en la Plaza Pueyrred\u00f3n, ubicada en Av. Rivadavia, Jos\u00e9 G., Gral. Artigas, Yerbal y Fray Cayetano Rodr\u00edguez. Tambi\u00e9n se est\u00e1n realizando tareas de pintura que comprenden una capa anti\u00f3xido para protegerlas de la intemperie. En total se incorporaron 362 metros lineales alrededor de toda la plaza. Tambi\u00e9n se est\u00e1n realizando tareas de pintura que comprenden una capa anti\u00f3xido para protegerlas de la intemperie. De esta manera se completan los trabajos de la puesta en valor de la plaza que se iniciaron en 2019 con el mejoramiento de iluminaci\u00f3n, la incorporaci\u00f3n de mobiliario y postas aer\u00f3bicas y la renovaci\u00f3n de los caminos internos.<\/p>\n<p>Escrito por Alejandro Godoy<\/p>\n","protected":false},"excerpt":{"rendered":"<p>Seguimos avanzando en la instalaci\u00f3n de rejas de protecci\u00f3n en la Comuna. En esta oportunidad, se realiz\u00f3 la colocaci\u00f3n en la Plaza Pueyrred\u00f3n, ubicada en Av. Rivadavia, Jos\u00e9 G., Gral. Artigas, Yerbal y Fray Cayetano Rodr\u00edguez. Tambi\u00e9n se est\u00e1n realizando tareas de pintura que comprenden una capa anti\u00f3xido para protegerlas de la intemperie. En total [&hellip;]<\/p>\n","protected":false},"author":1,"featured_media":1349,"comment_status":"open","ping_status":"open","sticky":false,"template":"","format":"standard","meta":{"_et_pb_use_builder":"","_et_pb_old_content":"","_et_gb_content_width":"","footnotes":""},"categories":[11,32],"tags":[],"class_list":["post-1348","post","type-post","status-publish","format-standard","has-post-thumbnail","hentry","category-ciudad","category-comunas"],"_links":{"self":[{"href":"https:\/\/vocesdebaires.com.ar\/index.php\/wp-json\/wp\/v2\/posts\/1348"}],"collection":[{"href":"https:\/\/vocesdebaires.com.ar\/index.php\/wp-json\/wp\/v2\/posts"}],"about":[{"href":"https:\/\/vocesdebaires.com.ar\/index.php\/wp-json\/wp\/v2\/types\/post"}],"author":[{"embeddable":true,"href":"https:\/\/vocesdebaires.com.ar\/index.php\/wp-json\/wp\/v2\/users\/1"}],"replies":[{"embeddable":true,"href":"https:\/\/vocesdebaires.com.ar\/index.php\/wp-json\/wp\/v2\/comments?post=1348"}],"version-history":[{"count":0,"href":"https:\/\/vocesdebaires.com.ar\/index.php\/wp-json\/wp\/v2\/posts\/1348\/revisions"}],"wp:featuredmedia":[{"embeddable":true,"href":"https:\/\/vocesdebaires.com.ar\/index.php\/wp-json\/wp\/v2\/media\/1349"}],"wp:attachment":[{"href":"https:\/\/vocesdebaires.com.ar\/index.php\/wp-json\/wp\/v2\/media?parent=1348"}],"wp:term":[{"taxonomy":"category","embeddable":true,"href":"https:\/\/vocesdebaires.com.ar\/index.php\/wp-json\/wp\/v2\/categories?post=1348"},{"taxonomy":"post_tag","embeddable":true,"href":"https:\/\/vocesdebaires.com.ar\/index.php\/wp-json\/wp\/v2\/tags?post=1348"}],"curies":[{"name":"wp","href":"https:\/\/api.w.org\/{rel}","templated":true}]}}