{"id":1351,"date":"2020-02-12T03:00:00","date_gmt":"2020-02-12T06:00:00","guid":{"rendered":"http:\/\/vocesdebaires.com.ar\/wordpress\/index.php\/2020\/02\/12\/disfrutemos-ba-danzas-en-el-jardin-japones\/"},"modified":"2020-02-12T03:00:00","modified_gmt":"2020-02-12T06:00:00","slug":"disfrutemos-ba-danzas-en-el-jardin-japones","status":"publish","type":"post","link":"https:\/\/vocesdebaires.com.ar\/index.php\/2020\/02\/12\/disfrutemos-ba-danzas-en-el-jardin-japones\/","title":{"rendered":"Disfrutemos BA: danzas en el Jard\u00edn Japon\u00e9s"},"content":{"rendered":"<p>Durante febrero, en el Jard\u00edn Japon\u00e9s -uno de los espacios verdes m\u00e1s bellos de la Ciudad- se lleva a cabo una serie de actividades recreativas que priorizan el bienestar, equilibrio y armon\u00eda. Desde el pasado\u00a0 jueves 6 de febrero (y todos los jueves del mes) se ofrecer\u00e1 un Taller de Danzas Participativas Japonesas, de 15:00 a 17:00. Se trata de una actividad introductoria para todo p\u00fablico, donde pueden aprenderse los pasos divertidos y din\u00e1micos, que se realizan en los festivales japoneses en la actualidad.<\/p>\n<p>En tanto, el pasado s\u00e1bado 8 y domingo 9 de febrero, se realiz\u00f3\u00a0 el taller de Origami Plegado Libre, que consiste en brindarle al p\u00fablico un instructivo para que pueda desarrollar la creaci\u00f3n de una pieza de Origami. Hubo asistentes que guiaron\u00a0 y ense\u00f1aron a los participantes a\u00a0 finalizar la obra. Fue\u00a0 una actividad para toda la familia y se realiz\u00f3\u00a0 por orden de llegada.<\/p>\n<p>El viernes 14 de febrero, d\u00eda de San Valent\u00edn, se realizar\u00e1 de 10:00 a 18:00 un continuado de Corazones de Origami, para aprender a hacer la tradicional artesan\u00eda en papel. Mientras que el s\u00e1bado 15, a las 15:00, a las 16:00 y a las 17:00, se desarrollar\u00e1 Cuentos Japoneses, una actividad en la que se leer\u00e1 y se proyectar\u00e1 un cl\u00e1sico: Momotaro, El ni\u00f1o durazno. Finalmente, el domingo 16 de 15.30 a 17:00 habr\u00e1 un Desfile de Yukata (los kimonos de algod\u00f3n que se utilizan generalmente en el verano), en el Puente Zigzag, el Escenario de la Isla Principal y el Camino de las Azaleas, promediando un mes de febrero e intensa actividad. Todas las propuestas est\u00e1n a cargo de la Fundaci\u00f3n Cultural Argentino Japonesa.<\/p>\n<p>Escrito por Patricia Alonso<\/p>\n","protected":false},"excerpt":{"rendered":"<p>Durante febrero, en el Jard\u00edn Japon\u00e9s -uno de los espacios verdes m\u00e1s bellos de la Ciudad- se lleva a cabo una serie de actividades recreativas que priorizan el bienestar, equilibrio y armon\u00eda. Desde el pasado\u00a0 jueves 6 de febrero (y todos los jueves del mes) se ofrecer\u00e1 un Taller de Danzas Participativas Japonesas, de 15:00 [&hellip;]<\/p>\n","protected":false},"author":1,"featured_media":1352,"comment_status":"open","ping_status":"open","sticky":false,"template":"","format":"standard","meta":{"_et_pb_use_builder":"","_et_pb_old_content":"","_et_gb_content_width":"","footnotes":""},"categories":[11,32],"tags":[],"class_list":["post-1351","post","type-post","status-publish","format-standard","has-post-thumbnail","hentry","category-ciudad","category-comunas"],"_links":{"self":[{"href":"https:\/\/vocesdebaires.com.ar\/index.php\/wp-json\/wp\/v2\/posts\/1351"}],"collection":[{"href":"https:\/\/vocesdebaires.com.ar\/index.php\/wp-json\/wp\/v2\/posts"}],"about":[{"href":"https:\/\/vocesdebaires.com.ar\/index.php\/wp-json\/wp\/v2\/types\/post"}],"author":[{"embeddable":true,"href":"https:\/\/vocesdebaires.com.ar\/index.php\/wp-json\/wp\/v2\/users\/1"}],"replies":[{"embeddable":true,"href":"https:\/\/vocesdebaires.com.ar\/index.php\/wp-json\/wp\/v2\/comments?post=1351"}],"version-history":[{"count":0,"href":"https:\/\/vocesdebaires.com.ar\/index.php\/wp-json\/wp\/v2\/posts\/1351\/revisions"}],"wp:featuredmedia":[{"embeddable":true,"href":"https:\/\/vocesdebaires.com.ar\/index.php\/wp-json\/wp\/v2\/media\/1352"}],"wp:attachment":[{"href":"https:\/\/vocesdebaires.com.ar\/index.php\/wp-json\/wp\/v2\/media?parent=1351"}],"wp:term":[{"taxonomy":"category","embeddable":true,"href":"https:\/\/vocesdebaires.com.ar\/index.php\/wp-json\/wp\/v2\/categories?post=1351"},{"taxonomy":"post_tag","embeddable":true,"href":"https:\/\/vocesdebaires.com.ar\/index.php\/wp-json\/wp\/v2\/tags?post=1351"}],"curies":[{"name":"wp","href":"https:\/\/api.w.org\/{rel}","templated":true}]}}