{"id":1367,"date":"2020-02-10T03:00:00","date_gmt":"2020-02-10T06:00:00","guid":{"rendered":"http:\/\/vocesdebaires.com.ar\/wordpress\/index.php\/2020\/02\/10\/de-manera-conjunta-la-emergencia-climatica\/"},"modified":"2020-02-10T03:00:00","modified_gmt":"2020-02-10T06:00:00","slug":"de-manera-conjunta-la-emergencia-climatica","status":"publish","type":"post","link":"https:\/\/vocesdebaires.com.ar\/index.php\/2020\/02\/10\/de-manera-conjunta-la-emergencia-climatica\/","title":{"rendered":"De manera conjunta la emergencia clim\u00e1tica"},"content":{"rendered":"<p>El ministro de Ambiente y Desarrollo Sostenible, Juan Cabandi\u00e9, arrib\u00f3\u00a0 a la provincia de San Luis, en donde fue recibido por el gobernador Alberto Rodr\u00edguez Sa\u00e1. La agenda del ministro y el mandatario provincial concluy\u00f3 hoy con la firma de una carta de intenci\u00f3n con vistas a implementar medidas por la emergencia clim\u00e1tica de la Cuenca del Morro.\u00a0 Al finalizar una recorrida por dicha cuenca, Cabandi\u00e9 evalu\u00f3 que \u201cla voracidad y la expansi\u00f3n de la frontera agropecuaria llev\u00f3 a una profunda deforestaci\u00f3n y eso perjudica a los cursos de agua y la aparici\u00f3n de nuevos r\u00edos\u201d. Para revertir la problem\u00e1tica de exceso h\u00eddrico, el ministro y el gobernador suscribieron una carta de intenci\u00f3n para abordar la emergencia ambiental en la zona.<\/p>\n<p>La Cuenca del Morro presenta un desbalance h\u00eddrico producto del aumento de las precipitaciones y de la deforestaci\u00f3n. La remediaci\u00f3n que realiza el Gobierno provincial en este sentido es promover la forestaci\u00f3n con \u00e1rboles nativos y fomentar el cambio del uso del suelo. Al respecto, el ministro de Ambiente asegur\u00f3: \u201cNos comprometimos desde la Naci\u00f3n a maximizar el trabajo que muy bien viene encarando la provincia\u201d.<\/p>\n<p>Sobre estas acciones, Alberto Rodr\u00edguez Sa\u00e1 remarc\u00f3 la importancia de reforestar: \u201cEsto es una tarea que tenemos que hacer todos mediante la concientizaci\u00f3n de escuelas, municipios, y gobernaciones. Tambi\u00e9n hablar con los productores, para que cuando hagan la especulaci\u00f3n econ\u00f3mica incorporen la defensa del ambiente y los \u00e1rboles. Una vez equilibrada la cuenca veremos cu\u00e1ntas obras y de qu\u00e9 tipo hay que hacer\u201d.<\/p>\n<p>Por otra parte, el gobernador agradeci\u00f3 la visita de Cabandi\u00e9 a la provincia: \u201cHace m\u00e1s de 20 a\u00f1os que no viene un ministro de la Naci\u00f3n a San Luis. As\u00ed que lo recibimos con una enorme alegr\u00eda, con gran optimismo porque es muy importante en la acci\u00f3n de Gobierno. Vamos a cultivar la amistad\u201d.En esa l\u00ednea, el ministro de Ambiente de la Naci\u00f3n replic\u00f3: \u201cA m\u00ed me enorgullece ser el primer ministro que comparte junto a ustedes este encuentro que es de suma importancia\u201d. Cabandi\u00e9 finaliz\u00f3 sus declaraciones manifestando su \u201ccompromiso con todos los puntanos\u201d, y comprometi\u00f3 que este representa \u201cel inicio de un camino\u201d de cooperaci\u00f3n mutua.<\/p>\n<p>La agenda de Cabandi\u00e9, que estuvo acompa\u00f1ado por Florencia G\u00f3mez, subsecretaria Interjurisdiccional e Interinstitucional, incluy\u00f3 la visita realizada ayer al\u00a0 centro educativo Escuela Generativa Horizonte donde mantuvo charlas con los ni\u00f1os y j\u00f3venes de esa instituci\u00f3n educativa. Las autoridades provinciales que participaron de las actividades fueron la presidenta provisional del Senado, Mar\u00eda Ang\u00e9lica Torrontegui; la diputada y presidenta del Consejo Provincial del Partido Justicialista, Eva Morel; el ministro de Educaci\u00f3n, Andr\u00e9s Dermechkoff; la secretaria de Ambiente y Parques, Natalia Spinuzza; y el secretario de Log\u00edstica, Sebasti\u00e1n Lavandeira.<\/p>\n<p>Escrito por Alejandro Godoy<\/p>\n","protected":false},"excerpt":{"rendered":"<p>El ministro de Ambiente y Desarrollo Sostenible, Juan Cabandi\u00e9, arrib\u00f3\u00a0 a la provincia de San Luis, en donde fue recibido por el gobernador Alberto Rodr\u00edguez Sa\u00e1. La agenda del ministro y el mandatario provincial concluy\u00f3 hoy con la firma de una carta de intenci\u00f3n con vistas a implementar medidas por la emergencia clim\u00e1tica de la [&hellip;]<\/p>\n","protected":false},"author":1,"featured_media":1368,"comment_status":"open","ping_status":"open","sticky":false,"template":"","format":"standard","meta":{"_et_pb_use_builder":"","_et_pb_old_content":"","_et_gb_content_width":"","footnotes":""},"categories":[34,13],"tags":[],"class_list":["post-1367","post","type-post","status-publish","format-standard","has-post-thumbnail","hentry","category-politica","category-provincia"],"_links":{"self":[{"href":"https:\/\/vocesdebaires.com.ar\/index.php\/wp-json\/wp\/v2\/posts\/1367"}],"collection":[{"href":"https:\/\/vocesdebaires.com.ar\/index.php\/wp-json\/wp\/v2\/posts"}],"about":[{"href":"https:\/\/vocesdebaires.com.ar\/index.php\/wp-json\/wp\/v2\/types\/post"}],"author":[{"embeddable":true,"href":"https:\/\/vocesdebaires.com.ar\/index.php\/wp-json\/wp\/v2\/users\/1"}],"replies":[{"embeddable":true,"href":"https:\/\/vocesdebaires.com.ar\/index.php\/wp-json\/wp\/v2\/comments?post=1367"}],"version-history":[{"count":0,"href":"https:\/\/vocesdebaires.com.ar\/index.php\/wp-json\/wp\/v2\/posts\/1367\/revisions"}],"wp:featuredmedia":[{"embeddable":true,"href":"https:\/\/vocesdebaires.com.ar\/index.php\/wp-json\/wp\/v2\/media\/1368"}],"wp:attachment":[{"href":"https:\/\/vocesdebaires.com.ar\/index.php\/wp-json\/wp\/v2\/media?parent=1367"}],"wp:term":[{"taxonomy":"category","embeddable":true,"href":"https:\/\/vocesdebaires.com.ar\/index.php\/wp-json\/wp\/v2\/categories?post=1367"},{"taxonomy":"post_tag","embeddable":true,"href":"https:\/\/vocesdebaires.com.ar\/index.php\/wp-json\/wp\/v2\/tags?post=1367"}],"curies":[{"name":"wp","href":"https:\/\/api.w.org\/{rel}","templated":true}]}}