{"id":1371,"date":"2020-02-06T03:00:00","date_gmt":"2020-02-06T06:00:00","guid":{"rendered":"http:\/\/vocesdebaires.com.ar\/wordpress\/index.php\/2020\/02\/06\/subte-enombres-de-mujeres-en-estaciones\/"},"modified":"2020-02-06T03:00:00","modified_gmt":"2020-02-06T06:00:00","slug":"subte-enombres-de-mujeres-en-estaciones","status":"publish","type":"post","link":"https:\/\/vocesdebaires.com.ar\/index.php\/2020\/02\/06\/subte-enombres-de-mujeres-en-estaciones\/","title":{"rendered":"Subte E:Nombres de mujeres en estaciones"},"content":{"rendered":"<p>La Ciudad invita a formar parte del encuentro con vecinas, vecinos y organizaciones de la sociedad civil para elegir los nombres de mujeres de las nuevas estaciones de la l\u00ednea E de subte. Organizada por la Direcci\u00f3n General Participaci\u00f3n Ciudadana y Cercan\u00eda, en conjunto con la Direcci\u00f3n General de la Mujer y con el respaldo de ONU Mujeres, la reuni\u00f3n ser\u00e1 hoy jueves 6 de febrero a las 18:30 h y se definir\u00e1n las seis denominaciones, que pasar\u00e1n a la votaci\u00f3n final, de las estaciones Retiro, Catalinas y Correo Central con nombres que rindan homenaje a mujeres de la historia argentina. La l\u00ednea E de subte inaugur\u00f3 sus nuevas estaciones Correo Central, Catalinas y Retiro en junio de 2019 y sum\u00f3 as\u00ed dos kil\u00f3metros de extensi\u00f3n a la red. Su recorrido en la actualidad va desde la estaci\u00f3n Retiro hasta la estaci\u00f3n Plaza de los Virreyes &#8211; Eva Per\u00f3n, en el barrio de Flores.<\/p>\n","protected":false},"excerpt":{"rendered":"<p>La Ciudad invita a formar parte del encuentro con vecinas, vecinos y organizaciones de la sociedad civil para elegir los nombres de mujeres de las nuevas estaciones de la l\u00ednea E de subte. Organizada por la Direcci\u00f3n General Participaci\u00f3n Ciudadana y Cercan\u00eda, en conjunto con la Direcci\u00f3n General de la Mujer y con el respaldo [&hellip;]<\/p>\n","protected":false},"author":1,"featured_media":1372,"comment_status":"open","ping_status":"open","sticky":false,"template":"","format":"standard","meta":{"_et_pb_use_builder":"","_et_pb_old_content":"","_et_gb_content_width":"","footnotes":""},"categories":[11,32],"tags":[],"class_list":["post-1371","post","type-post","status-publish","format-standard","has-post-thumbnail","hentry","category-ciudad","category-comunas"],"_links":{"self":[{"href":"https:\/\/vocesdebaires.com.ar\/index.php\/wp-json\/wp\/v2\/posts\/1371"}],"collection":[{"href":"https:\/\/vocesdebaires.com.ar\/index.php\/wp-json\/wp\/v2\/posts"}],"about":[{"href":"https:\/\/vocesdebaires.com.ar\/index.php\/wp-json\/wp\/v2\/types\/post"}],"author":[{"embeddable":true,"href":"https:\/\/vocesdebaires.com.ar\/index.php\/wp-json\/wp\/v2\/users\/1"}],"replies":[{"embeddable":true,"href":"https:\/\/vocesdebaires.com.ar\/index.php\/wp-json\/wp\/v2\/comments?post=1371"}],"version-history":[{"count":0,"href":"https:\/\/vocesdebaires.com.ar\/index.php\/wp-json\/wp\/v2\/posts\/1371\/revisions"}],"wp:featuredmedia":[{"embeddable":true,"href":"https:\/\/vocesdebaires.com.ar\/index.php\/wp-json\/wp\/v2\/media\/1372"}],"wp:attachment":[{"href":"https:\/\/vocesdebaires.com.ar\/index.php\/wp-json\/wp\/v2\/media?parent=1371"}],"wp:term":[{"taxonomy":"category","embeddable":true,"href":"https:\/\/vocesdebaires.com.ar\/index.php\/wp-json\/wp\/v2\/categories?post=1371"},{"taxonomy":"post_tag","embeddable":true,"href":"https:\/\/vocesdebaires.com.ar\/index.php\/wp-json\/wp\/v2\/tags?post=1371"}],"curies":[{"name":"wp","href":"https:\/\/api.w.org\/{rel}","templated":true}]}}