{"id":13733,"date":"2012-04-18T00:00:00","date_gmt":"2012-04-18T03:00:00","guid":{"rendered":"http:\/\/vocesdebaires.com.ar\/wordpress\/index.php\/2012\/04\/18\/el-bayern-lleno-de-dudas-al-madrid\/"},"modified":"2012-04-18T00:00:00","modified_gmt":"2012-04-18T03:00:00","slug":"el-bayern-lleno-de-dudas-al-madrid","status":"publish","type":"post","link":"https:\/\/vocesdebaires.com.ar\/index.php\/2012\/04\/18\/el-bayern-lleno-de-dudas-al-madrid\/","title":{"rendered":"El Bayern llen\u00f3 de dudas al Madrid"},"content":{"rendered":"<p>\u00a0<br \/>\nSilencio, hay hombres trabajando. Mientras las p\u00e1ginas, las pantallas y los micr\u00f3fonos se colman de conjeturas acerca de una hipot\u00e9tica final de Champions League entre Real Madrid y Barcelona, un grupito de alemanes se frota las manos sin hacer ruido, pensando en arruinar el banquete que el viejo continente desea paladear. La mitad de la tarea est\u00e1 cumplida para Bayern Munich, que venci\u00f3 2 a 1 a los Merengues en el encuentro de ida de las semis del principal torneo continental y traslad\u00f3 la presi\u00f3n a su adversario, de cara a la revancha que se jugar\u00e1 el mi\u00e9rcoles en el Bernab\u00e9u.Un tanto en el \u00faltimo minuto de Mario G\u00f3mez, que lleg\u00f3 a 12 en la competencia y ya se hubiese asegurado el Bot\u00edn de Oro de no existir un muchacho llamado Lionel Messi, desequilibr\u00f3 la balanza para los teutones en un encuentro cerrado y que parec\u00eda encaminado a la parda, tras los goles de Franck Rib\u00e9ry y Mesut \u00d6zil. As\u00ed, el Madrid perdi\u00f3 su invicto en el torneo e inici\u00f3 mal una semana que, como si fuera poco, incluye el s\u00e1bado el derby con el Barcelona por la Liga.<\/p>\n","protected":false},"excerpt":{"rendered":"<p>\u00a0 Silencio, hay hombres trabajando. Mientras las p\u00e1ginas, las pantallas y los micr\u00f3fonos se colman de conjeturas acerca de una hipot\u00e9tica final de Champions League entre Real Madrid y Barcelona, un grupito de alemanes se frota las manos sin hacer ruido, pensando en arruinar el banquete que el viejo continente desea paladear. La mitad de [&hellip;]<\/p>\n","protected":false},"author":2,"featured_media":10442,"comment_status":"open","ping_status":"open","sticky":false,"template":"","format":"standard","meta":{"_et_pb_use_builder":"","_et_pb_old_content":"","_et_gb_content_width":"","footnotes":""},"categories":[14,50],"tags":[],"class_list":["post-13733","post","type-post","status-publish","format-standard","has-post-thumbnail","hentry","category-deportes","category-futbol-internacional-2"],"_links":{"self":[{"href":"https:\/\/vocesdebaires.com.ar\/index.php\/wp-json\/wp\/v2\/posts\/13733"}],"collection":[{"href":"https:\/\/vocesdebaires.com.ar\/index.php\/wp-json\/wp\/v2\/posts"}],"about":[{"href":"https:\/\/vocesdebaires.com.ar\/index.php\/wp-json\/wp\/v2\/types\/post"}],"author":[{"embeddable":true,"href":"https:\/\/vocesdebaires.com.ar\/index.php\/wp-json\/wp\/v2\/users\/2"}],"replies":[{"embeddable":true,"href":"https:\/\/vocesdebaires.com.ar\/index.php\/wp-json\/wp\/v2\/comments?post=13733"}],"version-history":[{"count":0,"href":"https:\/\/vocesdebaires.com.ar\/index.php\/wp-json\/wp\/v2\/posts\/13733\/revisions"}],"wp:featuredmedia":[{"embeddable":true,"href":"https:\/\/vocesdebaires.com.ar\/index.php\/wp-json\/wp\/v2\/media\/10442"}],"wp:attachment":[{"href":"https:\/\/vocesdebaires.com.ar\/index.php\/wp-json\/wp\/v2\/media?parent=13733"}],"wp:term":[{"taxonomy":"category","embeddable":true,"href":"https:\/\/vocesdebaires.com.ar\/index.php\/wp-json\/wp\/v2\/categories?post=13733"},{"taxonomy":"post_tag","embeddable":true,"href":"https:\/\/vocesdebaires.com.ar\/index.php\/wp-json\/wp\/v2\/tags?post=13733"}],"curies":[{"name":"wp","href":"https:\/\/api.w.org\/{rel}","templated":true}]}}