{"id":13838,"date":"2012-08-16T11:43:51","date_gmt":"2012-08-16T14:43:51","guid":{"rendered":"http:\/\/vocesdebaires.com.ar\/wordpress\/index.php\/2012\/08\/16\/la-seleccion-tuvo-su-revancha\/"},"modified":"2012-08-16T11:43:51","modified_gmt":"2012-08-16T14:43:51","slug":"la-seleccion-tuvo-su-revancha","status":"publish","type":"post","link":"https:\/\/vocesdebaires.com.ar\/index.php\/2012\/08\/16\/la-seleccion-tuvo-su-revancha\/","title":{"rendered":"La Selecci\u00f3n tuvo su revancha"},"content":{"rendered":"<p>\u00a0<br \/>\n\u00a0<br \/>\nM\u00e1s all\u00e1 de que haya sido s\u00f3lo en un amistoso y ante un rival que no cont\u00f3 con varias de su figuras, la Selecci\u00f3n dio un importante paso en el objetivo de encontrar su mejor versi\u00f3n. En Frankfurt y en el primer cara a cara despu\u00e9s del f\u00e1tidico 0-4 en la semifinales del Mundial de Sud\u00e1frica, el conjunto nacional super\u00f3 3-1 a Alemania.\u00a0Yendo de menor a mayor, el equipo de Alejandro Sabella cerr\u00f3 buen primer tiempo con un blooper que le dio la ventaja: Sami Khedira, en un intento por despejar tras un c\u00f3rner, venci\u00f3 a su propio arquero con un derechazo pifiado.<br \/>\nMinutos antes, el equipo argentino hab\u00eda tenido la oportunidad de abrir el marcador con un penal que termin\u00f3 con la expulsi\u00f3n del arquero alem\u00e1n Zieler por \u00faltimo recurso ante Jos\u00e9 Sosa. Sin embargo, el crack del Barcelona err\u00f3 el remate con un tiro cruzado casi a mitad del arco bien tapado por el reci\u00e9n ingresado Marc-Andr\u00e9 Ter Stegen.Con Fernando Gago y Javier Mascherano controlando bien la mitad de la cancha y la siempre peligrosidad de Gonzalo H\u00edguain y Lionel Messi en el ataque, el conjunto nacional se mostr\u00f3 mejor parado que su rival, aunque sin contar con acciones claras de riesgo.<br \/>\nNotando la clara fragilidad de la defensa alemana, Sabella mand\u00f3 a la cancha a Sergio Ag\u00fcero por Jos\u00e9 Sosa -delentaro por mediocampista- Y el resultado lleg\u00f3 r\u00e1pido: tras una triangulaci\u00f3n entre Messi-Higua\u00edn y el Kun, \u201cla Pulga\u201d sac\u00f3 el zurdazo bajo que se clav\u00f3 contra el palo derecho del arco local.<br \/>\naceler\u00f3, pero finalmente fue el \u00a0Di Mar\u00eda quien concret\u00f3 la goleada 3-0 con un misil de zurda de unos 30 metros que sorprendi\u00f3 al joven arquero ter Stegen.Sobre el final y despu\u00e9s de generar algunas ocasiones de gol m\u00e1s por empuje que por claridad, el lateral H\u00f6wedes \u00a0(82) lleg\u00f3 al gol, como premio por no bajar los brazos.<br \/>\n\u00a0<\/p>\n","protected":false},"excerpt":{"rendered":"<p>\u00a0 \u00a0 M\u00e1s all\u00e1 de que haya sido s\u00f3lo en un amistoso y ante un rival que no cont\u00f3 con varias de su figuras, la Selecci\u00f3n dio un importante paso en el objetivo de encontrar su mejor versi\u00f3n. En Frankfurt y en el primer cara a cara despu\u00e9s del f\u00e1tidico 0-4 en la semifinales del [&hellip;]<\/p>\n","protected":false},"author":2,"featured_media":13839,"comment_status":"open","ping_status":"open","sticky":false,"template":"","format":"standard","meta":{"_et_pb_use_builder":"","_et_pb_old_content":"","_et_gb_content_width":"","footnotes":""},"categories":[14,50],"tags":[],"class_list":["post-13838","post","type-post","status-publish","format-standard","has-post-thumbnail","hentry","category-deportes","category-futbol-internacional-2"],"_links":{"self":[{"href":"https:\/\/vocesdebaires.com.ar\/index.php\/wp-json\/wp\/v2\/posts\/13838"}],"collection":[{"href":"https:\/\/vocesdebaires.com.ar\/index.php\/wp-json\/wp\/v2\/posts"}],"about":[{"href":"https:\/\/vocesdebaires.com.ar\/index.php\/wp-json\/wp\/v2\/types\/post"}],"author":[{"embeddable":true,"href":"https:\/\/vocesdebaires.com.ar\/index.php\/wp-json\/wp\/v2\/users\/2"}],"replies":[{"embeddable":true,"href":"https:\/\/vocesdebaires.com.ar\/index.php\/wp-json\/wp\/v2\/comments?post=13838"}],"version-history":[{"count":0,"href":"https:\/\/vocesdebaires.com.ar\/index.php\/wp-json\/wp\/v2\/posts\/13838\/revisions"}],"wp:featuredmedia":[{"embeddable":true,"href":"https:\/\/vocesdebaires.com.ar\/index.php\/wp-json\/wp\/v2\/media\/13839"}],"wp:attachment":[{"href":"https:\/\/vocesdebaires.com.ar\/index.php\/wp-json\/wp\/v2\/media?parent=13838"}],"wp:term":[{"taxonomy":"category","embeddable":true,"href":"https:\/\/vocesdebaires.com.ar\/index.php\/wp-json\/wp\/v2\/categories?post=13838"},{"taxonomy":"post_tag","embeddable":true,"href":"https:\/\/vocesdebaires.com.ar\/index.php\/wp-json\/wp\/v2\/tags?post=13838"}],"curies":[{"name":"wp","href":"https:\/\/api.w.org\/{rel}","templated":true}]}}