{"id":13958,"date":"2012-08-27T12:37:14","date_gmt":"2012-08-27T15:37:14","guid":{"rendered":"http:\/\/vocesdebaires.com.ar\/wordpress\/index.php\/2012\/08\/27\/nueva-fecha-para-federer-y-del-potro-en-tigre\/"},"modified":"2012-08-27T12:37:14","modified_gmt":"2012-08-27T15:37:14","slug":"nueva-fecha-para-federer-y-del-potro-en-tigre","status":"publish","type":"post","link":"https:\/\/vocesdebaires.com.ar\/index.php\/2012\/08\/27\/nueva-fecha-para-federer-y-del-potro-en-tigre\/","title":{"rendered":"Nueva fecha para Federer y Del Potro en Tigre"},"content":{"rendered":"<p>La esperada visita del tenista suizo Roger Federer a la Argentina para jugar un partido de exhibici\u00f3n ante Juan Mart\u00edn Del Potro ya tiene una segunda fecha confirmada: el jueves 13 de diciembre pr\u00f3ximo. Se trata de la Copa Claro Nokia, que se disputar\u00e1 en el municipio bonaerense de Tigre entre el mi\u00e9rcoles 12 y el jueves 13 de diciembre.<br \/>\n\u00a1Durante una conferencia de prensa donde se brindaron todos los detalles de la competencia, Enrique Blaksley, presidente de Hope Funds, compa\u00f1\u00eda privada de inversiones que oficia de sponsor, sostuvo que \u201ces un orgullo colaborar y trabajar para hacer posible este evento de m\u00e1ximo nivel que no s\u00f3lo reunir\u00e1 a dos estrellas del tenis, sino que acercar\u00e1 a la gente lo mejor del deporte internacional\u201d.<br \/>\nEl encuentro se realiz\u00f3 en Buenos Aires Venue y cont\u00f3 con la participaci\u00f3n del intendente de Tigre, Sergio Massa; Guillermo Mar\u00edn, presidente de Imagen Deportiva S.A., empresa encargada de la producci\u00f3n general de la exhibici\u00f3n; Juan Romero, director de Marketing de Nokia y el tenista Jos\u00e9 Luis Clerc.<br \/>\n\u00a0<\/p>\n","protected":false},"excerpt":{"rendered":"<p>La esperada visita del tenista suizo Roger Federer a la Argentina para jugar un partido de exhibici\u00f3n ante Juan Mart\u00edn Del Potro ya tiene una segunda fecha confirmada: el jueves 13 de diciembre pr\u00f3ximo. Se trata de la Copa Claro Nokia, que se disputar\u00e1 en el municipio bonaerense de Tigre entre el mi\u00e9rcoles 12 y [&hellip;]<\/p>\n","protected":false},"author":2,"featured_media":13959,"comment_status":"open","ping_status":"open","sticky":false,"template":"","format":"standard","meta":{"_et_pb_use_builder":"","_et_pb_old_content":"","_et_gb_content_width":"","footnotes":""},"categories":[14,51],"tags":[],"class_list":["post-13958","post","type-post","status-publish","format-standard","has-post-thumbnail","hentry","category-deportes","category-tenis"],"_links":{"self":[{"href":"https:\/\/vocesdebaires.com.ar\/index.php\/wp-json\/wp\/v2\/posts\/13958"}],"collection":[{"href":"https:\/\/vocesdebaires.com.ar\/index.php\/wp-json\/wp\/v2\/posts"}],"about":[{"href":"https:\/\/vocesdebaires.com.ar\/index.php\/wp-json\/wp\/v2\/types\/post"}],"author":[{"embeddable":true,"href":"https:\/\/vocesdebaires.com.ar\/index.php\/wp-json\/wp\/v2\/users\/2"}],"replies":[{"embeddable":true,"href":"https:\/\/vocesdebaires.com.ar\/index.php\/wp-json\/wp\/v2\/comments?post=13958"}],"version-history":[{"count":0,"href":"https:\/\/vocesdebaires.com.ar\/index.php\/wp-json\/wp\/v2\/posts\/13958\/revisions"}],"wp:featuredmedia":[{"embeddable":true,"href":"https:\/\/vocesdebaires.com.ar\/index.php\/wp-json\/wp\/v2\/media\/13959"}],"wp:attachment":[{"href":"https:\/\/vocesdebaires.com.ar\/index.php\/wp-json\/wp\/v2\/media?parent=13958"}],"wp:term":[{"taxonomy":"category","embeddable":true,"href":"https:\/\/vocesdebaires.com.ar\/index.php\/wp-json\/wp\/v2\/categories?post=13958"},{"taxonomy":"post_tag","embeddable":true,"href":"https:\/\/vocesdebaires.com.ar\/index.php\/wp-json\/wp\/v2\/tags?post=13958"}],"curies":[{"name":"wp","href":"https:\/\/api.w.org\/{rel}","templated":true}]}}