{"id":13968,"date":"2012-08-29T13:25:46","date_gmt":"2012-08-29T16:25:46","guid":{"rendered":"http:\/\/vocesdebaires.com.ar\/wordpress\/index.php\/2012\/08\/29\/us-opendavid-no-va-a-entrar-a-la-cancha\/"},"modified":"2012-08-29T13:25:46","modified_gmt":"2012-08-29T16:25:46","slug":"us-opendavid-no-va-a-entrar-a-la-cancha","status":"publish","type":"post","link":"https:\/\/vocesdebaires.com.ar\/index.php\/2012\/08\/29\/us-opendavid-no-va-a-entrar-a-la-cancha\/","title":{"rendered":"US OPEN,David no va a entrar a la cancha"},"content":{"rendered":"<p>El duelo que cualquier fan\u00e1tico del tenis en la Argentina esperaba, finalmente, no se jugar\u00e1: ayer a la ma\u00f1ana, David Nalbandian sufri\u00f3 un desgarro abdominal y se retir\u00f3 del US Open, por lo que hoy no habr\u00e1 duelo contra Juan Mart\u00edn del Potro por la primera rueda del \u00faltimo Grand Slam del a\u00f1o. Sin dudas, la noticia tiene una segunda lectura, ya que enciende una alarma para las semifinales de la Copa Davis, que se desarrollar\u00e1n del 14 al 16 de septiembre, ante Rep\u00fablica Checa. Justamente, en Flushing Meadows estaba tambi\u00e9n anotado en dobles, junto con Eduardo Schwank (iban a enfrentar a Karlovic y Moser).<br \/>\nDel Potro, s\u00e9ptimo favorito, jugar\u00e1 contra el franc\u00e9s Florent Serra, un lucky loser que qued\u00f3 eliminado en la \u00faltima instancia de la clasificaci\u00f3n. Delpo y Nalbandian no jugaban desde 2008 -Masters Series de Par\u00eds- y el historial le favorece al cordob\u00e9s por 3-1. El encuentro fue programado para el tercer turno del estadio Louis Armstrong.David viene de una temporada larga, con presencia en 15 torneos ATP, dos series de Copa Davis y los Juegos de Londres. En total, fueron 38 partidos y s\u00f3lo no termin\u00f3 el duelo con Marin Cilic, en la final de Queens, donde fue descalificado por patear la caja del juez y lastimarlo.<br \/>\n\u00a0<\/p>\n","protected":false},"excerpt":{"rendered":"<p>El duelo que cualquier fan\u00e1tico del tenis en la Argentina esperaba, finalmente, no se jugar\u00e1: ayer a la ma\u00f1ana, David Nalbandian sufri\u00f3 un desgarro abdominal y se retir\u00f3 del US Open, por lo que hoy no habr\u00e1 duelo contra Juan Mart\u00edn del Potro por la primera rueda del \u00faltimo Grand Slam del a\u00f1o. Sin dudas, [&hellip;]<\/p>\n","protected":false},"author":2,"featured_media":13969,"comment_status":"open","ping_status":"open","sticky":false,"template":"","format":"standard","meta":{"_et_pb_use_builder":"","_et_pb_old_content":"","_et_gb_content_width":"","footnotes":""},"categories":[14,51],"tags":[],"class_list":["post-13968","post","type-post","status-publish","format-standard","has-post-thumbnail","hentry","category-deportes","category-tenis"],"_links":{"self":[{"href":"https:\/\/vocesdebaires.com.ar\/index.php\/wp-json\/wp\/v2\/posts\/13968"}],"collection":[{"href":"https:\/\/vocesdebaires.com.ar\/index.php\/wp-json\/wp\/v2\/posts"}],"about":[{"href":"https:\/\/vocesdebaires.com.ar\/index.php\/wp-json\/wp\/v2\/types\/post"}],"author":[{"embeddable":true,"href":"https:\/\/vocesdebaires.com.ar\/index.php\/wp-json\/wp\/v2\/users\/2"}],"replies":[{"embeddable":true,"href":"https:\/\/vocesdebaires.com.ar\/index.php\/wp-json\/wp\/v2\/comments?post=13968"}],"version-history":[{"count":0,"href":"https:\/\/vocesdebaires.com.ar\/index.php\/wp-json\/wp\/v2\/posts\/13968\/revisions"}],"wp:featuredmedia":[{"embeddable":true,"href":"https:\/\/vocesdebaires.com.ar\/index.php\/wp-json\/wp\/v2\/media\/13969"}],"wp:attachment":[{"href":"https:\/\/vocesdebaires.com.ar\/index.php\/wp-json\/wp\/v2\/media?parent=13968"}],"wp:term":[{"taxonomy":"category","embeddable":true,"href":"https:\/\/vocesdebaires.com.ar\/index.php\/wp-json\/wp\/v2\/categories?post=13968"},{"taxonomy":"post_tag","embeddable":true,"href":"https:\/\/vocesdebaires.com.ar\/index.php\/wp-json\/wp\/v2\/tags?post=13968"}],"curies":[{"name":"wp","href":"https:\/\/api.w.org\/{rel}","templated":true}]}}