{"id":14004,"date":"2012-08-31T12:06:53","date_gmt":"2012-08-31T15:06:53","guid":{"rendered":"http:\/\/vocesdebaires.com.ar\/wordpress\/index.php\/2012\/08\/31\/rugby-phelan-dio-la-lista-para-viajar-a-oceania\/"},"modified":"2012-08-31T12:06:53","modified_gmt":"2012-08-31T15:06:53","slug":"rugby-phelan-dio-la-lista-para-viajar-a-oceania","status":"publish","type":"post","link":"https:\/\/vocesdebaires.com.ar\/index.php\/2012\/08\/31\/rugby-phelan-dio-la-lista-para-viajar-a-oceania\/","title":{"rendered":"Rugby: Phelan dio la lista para viajar a Ocean\u00eda"},"content":{"rendered":"<p>El entrenador de Los Pumas, Santiago Phelan, confirm\u00f3 el plantel de 28 jugadores que viajar\u00e1 a Nueva Zelanda y Australia para afrontar los pr\u00f3ximos dos compromisos del Rugby Championship. En la n\u00f3mina se destacan los regresos de Juan Manuel Leguizam\u00f3n y Agust\u00edn Creevy, que no pudieron estar en los encuentros ante los Springboks, y la inclusi\u00f3n del apertura Juan Mart\u00edn Hern\u00e1ndez.<br \/>\nJuani Hern\u00e1ndez fue descartado del segundo duelo ante los sudafricanos por un desgarro sufrido pocos d\u00edas antes y podr\u00eda llegar al partido ante Australia.Adem\u00e1s, tambi\u00e9n se suman a la lista de convocados Rafael Carballo y Maximiliano Bustos. No estar\u00e1 Alvaro Galindo, que arrastra un traumatismo en el cart\u00edlago costal.El plantel se reunir\u00e1 hoy por ma\u00f1ana en SIC Central, donde realizar\u00e1 una jornada de doble turno de entrenamiento. El viernes a las 18.10 partir\u00e1 hacia Nueva Zelanda, donde el 8 de septiembre se medir\u00e1 con los All Blacks, en el Westpac Stadium de Wellington a las 4.35 hora argentina. Una semana m\u00e1s tarde, el s\u00e1bado 15 a las 7.05, Los Pumas se las ver\u00e1n con Australia en Skilled Park, en Robina, Gold Coast. El torneo es liderado por Nueva Zelanda con 8 unidades, seguido por Sud\u00e1frica con 6, Argentina con 2, y Australia a\u00fan sin puntos.<br \/>\n\u00a0<\/p>\n","protected":false},"excerpt":{"rendered":"<p>El entrenador de Los Pumas, Santiago Phelan, confirm\u00f3 el plantel de 28 jugadores que viajar\u00e1 a Nueva Zelanda y Australia para afrontar los pr\u00f3ximos dos compromisos del Rugby Championship. En la n\u00f3mina se destacan los regresos de Juan Manuel Leguizam\u00f3n y Agust\u00edn Creevy, que no pudieron estar en los encuentros ante los Springboks, y la [&hellip;]<\/p>\n","protected":false},"author":2,"featured_media":14005,"comment_status":"open","ping_status":"open","sticky":false,"template":"","format":"standard","meta":{"_et_pb_use_builder":"","_et_pb_old_content":"","_et_gb_content_width":"","footnotes":""},"categories":[14,46],"tags":[],"class_list":["post-14004","post","type-post","status-publish","format-standard","has-post-thumbnail","hentry","category-deportes","category-polideportiva"],"_links":{"self":[{"href":"https:\/\/vocesdebaires.com.ar\/index.php\/wp-json\/wp\/v2\/posts\/14004"}],"collection":[{"href":"https:\/\/vocesdebaires.com.ar\/index.php\/wp-json\/wp\/v2\/posts"}],"about":[{"href":"https:\/\/vocesdebaires.com.ar\/index.php\/wp-json\/wp\/v2\/types\/post"}],"author":[{"embeddable":true,"href":"https:\/\/vocesdebaires.com.ar\/index.php\/wp-json\/wp\/v2\/users\/2"}],"replies":[{"embeddable":true,"href":"https:\/\/vocesdebaires.com.ar\/index.php\/wp-json\/wp\/v2\/comments?post=14004"}],"version-history":[{"count":0,"href":"https:\/\/vocesdebaires.com.ar\/index.php\/wp-json\/wp\/v2\/posts\/14004\/revisions"}],"wp:featuredmedia":[{"embeddable":true,"href":"https:\/\/vocesdebaires.com.ar\/index.php\/wp-json\/wp\/v2\/media\/14005"}],"wp:attachment":[{"href":"https:\/\/vocesdebaires.com.ar\/index.php\/wp-json\/wp\/v2\/media?parent=14004"}],"wp:term":[{"taxonomy":"category","embeddable":true,"href":"https:\/\/vocesdebaires.com.ar\/index.php\/wp-json\/wp\/v2\/categories?post=14004"},{"taxonomy":"post_tag","embeddable":true,"href":"https:\/\/vocesdebaires.com.ar\/index.php\/wp-json\/wp\/v2\/tags?post=14004"}],"curies":[{"name":"wp","href":"https:\/\/api.w.org\/{rel}","templated":true}]}}