{"id":1403,"date":"2020-02-28T03:00:00","date_gmt":"2020-02-28T06:00:00","guid":{"rendered":"http:\/\/vocesdebaires.com.ar\/wordpress\/index.php\/2020\/02\/28\/inmuebles-certificacion-del-estado-de-fachadas\/"},"modified":"2020-02-28T03:00:00","modified_gmt":"2020-02-28T06:00:00","slug":"inmuebles-certificacion-del-estado-de-fachadas","status":"publish","type":"post","link":"https:\/\/vocesdebaires.com.ar\/index.php\/2020\/02\/28\/inmuebles-certificacion-del-estado-de-fachadas\/","title":{"rendered":"Inmuebles: Certificaci\u00f3n del estado de Fachadas"},"content":{"rendered":"<p>Este cambio rige para todo Propietario, Administrador, Representante Legal o Declarante, de un Inmueble de un inmueble quien deber\u00e1 contar con Clave AGIP Ciudad Nivel 2 que podr\u00e1 ser tramitada ingresando al portal de Instalaciones .Deber\u00e1n realizar los siguientes tr\u00e1mites: Conservaci\u00f3n y Mantenimiento de las Instalaciones del Inmueble (Elevadores, Instalaciones Fijas contra Incendios y Artefactos T\u00e9rmicos). Certificaci\u00f3n del estado de la Fachada del inmueble (cumplimiento de la Ley 257 y su modificatoria Ley 6116). Si a\u00fan no dispone de Clave Ciudad Nivel 2, para evitar inconvenientes, gesti\u00f3nela con tiempo. El tr\u00e1mite es simple. En el siguiente link encontrar\u00e1 el instructivo Para mayor informaci\u00f3n tambi\u00e9n puede ver: Agip.gob.ar\/tutoriales<\/p>\n<p>Escrito por Gast\u00f3n Godoy<\/p>\n","protected":false},"excerpt":{"rendered":"<p>Este cambio rige para todo Propietario, Administrador, Representante Legal o Declarante, de un Inmueble de un inmueble quien deber\u00e1 contar con Clave AGIP Ciudad Nivel 2 que podr\u00e1 ser tramitada ingresando al portal de Instalaciones .Deber\u00e1n realizar los siguientes tr\u00e1mites: Conservaci\u00f3n y Mantenimiento de las Instalaciones del Inmueble (Elevadores, Instalaciones Fijas contra Incendios y Artefactos [&hellip;]<\/p>\n","protected":false},"author":1,"featured_media":1404,"comment_status":"open","ping_status":"open","sticky":false,"template":"","format":"standard","meta":{"_et_pb_use_builder":"","_et_pb_old_content":"","_et_gb_content_width":"","footnotes":""},"categories":[11,32],"tags":[],"class_list":["post-1403","post","type-post","status-publish","format-standard","has-post-thumbnail","hentry","category-ciudad","category-comunas"],"_links":{"self":[{"href":"https:\/\/vocesdebaires.com.ar\/index.php\/wp-json\/wp\/v2\/posts\/1403"}],"collection":[{"href":"https:\/\/vocesdebaires.com.ar\/index.php\/wp-json\/wp\/v2\/posts"}],"about":[{"href":"https:\/\/vocesdebaires.com.ar\/index.php\/wp-json\/wp\/v2\/types\/post"}],"author":[{"embeddable":true,"href":"https:\/\/vocesdebaires.com.ar\/index.php\/wp-json\/wp\/v2\/users\/1"}],"replies":[{"embeddable":true,"href":"https:\/\/vocesdebaires.com.ar\/index.php\/wp-json\/wp\/v2\/comments?post=1403"}],"version-history":[{"count":0,"href":"https:\/\/vocesdebaires.com.ar\/index.php\/wp-json\/wp\/v2\/posts\/1403\/revisions"}],"wp:featuredmedia":[{"embeddable":true,"href":"https:\/\/vocesdebaires.com.ar\/index.php\/wp-json\/wp\/v2\/media\/1404"}],"wp:attachment":[{"href":"https:\/\/vocesdebaires.com.ar\/index.php\/wp-json\/wp\/v2\/media?parent=1403"}],"wp:term":[{"taxonomy":"category","embeddable":true,"href":"https:\/\/vocesdebaires.com.ar\/index.php\/wp-json\/wp\/v2\/categories?post=1403"},{"taxonomy":"post_tag","embeddable":true,"href":"https:\/\/vocesdebaires.com.ar\/index.php\/wp-json\/wp\/v2\/tags?post=1403"}],"curies":[{"name":"wp","href":"https:\/\/api.w.org\/{rel}","templated":true}]}}