{"id":1417,"date":"2020-07-10T03:29:50","date_gmt":"2020-07-10T06:29:50","guid":{"rendered":"http:\/\/vocesdebaires.com.ar\/wordpress\/index.php\/2020\/07\/10\/larreta-en-un-operativo-de-distribucion-de-alimentos\/"},"modified":"2020-07-10T03:29:50","modified_gmt":"2020-07-10T06:29:50","slug":"larreta-en-un-operativo-de-distribucion-de-alimentos","status":"publish","type":"post","link":"https:\/\/vocesdebaires.com.ar\/index.php\/2020\/07\/10\/larreta-en-un-operativo-de-distribucion-de-alimentos\/","title":{"rendered":"Larreta, en un operativo de distribuci\u00f3n de alimentos"},"content":{"rendered":"<p>El Jefe de Gobierno porte\u00f1o, Horacio Rodr\u00edguez Larreta, particip\u00f3 el pasado \u00a0martes en el Centro Metropolitano de Dise\u00f1o (CMD) del operativo de distribuci\u00f3n de alimentos que lleva adelante la Ciudad para acompa\u00f1ar a los que m\u00e1s lo necesitan, con la colaboraci\u00f3n de voluntarios y el Ej\u00e9rcito Argentino.<\/p>\n","protected":false},"excerpt":{"rendered":"<p>El Jefe de Gobierno porte\u00f1o, Horacio Rodr\u00edguez Larreta, particip\u00f3 el pasado \u00a0martes en el Centro Metropolitano de Dise\u00f1o (CMD) del operativo de distribuci\u00f3n de alimentos que lleva adelante la Ciudad para acompa\u00f1ar a los que m\u00e1s lo necesitan, con la colaboraci\u00f3n de voluntarios y el Ej\u00e9rcito Argentino.<\/p>\n","protected":false},"author":1,"featured_media":1418,"comment_status":"open","ping_status":"open","sticky":false,"template":"","format":"standard","meta":{"_et_pb_use_builder":"","_et_pb_old_content":"","_et_gb_content_width":"","footnotes":""},"categories":[11,32],"tags":[],"class_list":["post-1417","post","type-post","status-publish","format-standard","has-post-thumbnail","hentry","category-ciudad","category-comunas"],"_links":{"self":[{"href":"https:\/\/vocesdebaires.com.ar\/index.php\/wp-json\/wp\/v2\/posts\/1417"}],"collection":[{"href":"https:\/\/vocesdebaires.com.ar\/index.php\/wp-json\/wp\/v2\/posts"}],"about":[{"href":"https:\/\/vocesdebaires.com.ar\/index.php\/wp-json\/wp\/v2\/types\/post"}],"author":[{"embeddable":true,"href":"https:\/\/vocesdebaires.com.ar\/index.php\/wp-json\/wp\/v2\/users\/1"}],"replies":[{"embeddable":true,"href":"https:\/\/vocesdebaires.com.ar\/index.php\/wp-json\/wp\/v2\/comments?post=1417"}],"version-history":[{"count":0,"href":"https:\/\/vocesdebaires.com.ar\/index.php\/wp-json\/wp\/v2\/posts\/1417\/revisions"}],"wp:featuredmedia":[{"embeddable":true,"href":"https:\/\/vocesdebaires.com.ar\/index.php\/wp-json\/wp\/v2\/media\/1418"}],"wp:attachment":[{"href":"https:\/\/vocesdebaires.com.ar\/index.php\/wp-json\/wp\/v2\/media?parent=1417"}],"wp:term":[{"taxonomy":"category","embeddable":true,"href":"https:\/\/vocesdebaires.com.ar\/index.php\/wp-json\/wp\/v2\/categories?post=1417"},{"taxonomy":"post_tag","embeddable":true,"href":"https:\/\/vocesdebaires.com.ar\/index.php\/wp-json\/wp\/v2\/tags?post=1417"}],"curies":[{"name":"wp","href":"https:\/\/api.w.org\/{rel}","templated":true}]}}