{"id":14186,"date":"2012-01-10T00:00:00","date_gmt":"2012-01-10T03:00:00","guid":{"rendered":"http:\/\/vocesdebaires.com.ar\/wordpress\/index.php\/2012\/01\/10\/messi-mi-ilusion-es-retirarme-en-la-argentina\/"},"modified":"2012-01-10T00:00:00","modified_gmt":"2012-01-10T03:00:00","slug":"messi-mi-ilusion-es-retirarme-en-la-argentina","status":"publish","type":"post","link":"https:\/\/vocesdebaires.com.ar\/index.php\/2012\/01\/10\/messi-mi-ilusion-es-retirarme-en-la-argentina\/","title":{"rendered":"Messi: \u00abMi ilusi\u00f3n es retirarme en la Argentina\u00bb"},"content":{"rendered":"<p>Ocurre que el presidente del Bar\u00e7a, Sandro Rosell, hab\u00eda dicho que su intenci\u00f3n era que Lio \u00abse retire en el Barcelona\u00bb. Pero, consultado al respecto, \u201cLa Pulga\u201d hab\u00eda dicho: \u00abDe momento estoy bien aqu\u00ed, luego ya se ver\u00e1\u00bb.Luego resolvi\u00f3 el enigma y dej\u00f3 a m\u00e1s de uno sorprendido. \u00abEn Barcelona estoy genial, perfecto, y en Europa s\u00f3lo jugar\u00e9 en el Bar\u00e7a, pero mi ilusi\u00f3n es retirarme en Argentina\u00bb, declar\u00f3, seg\u00fan reproduce el diario As.El peri\u00f3dico espa\u00f1ol asegura que \u201cMessi est\u00e1 en un proceso de reconquista del cari\u00f1o de sus compatriotas\u201d, tras las cr\u00edticas recibidas por su bajo rendimiento en la selecci\u00f3n argentina. El mejor futbolista del mundo ya dej\u00f3 en claro su posici\u00f3n. Restan unos cuantos a\u00f1os y saber con qu\u00e9 camiseta cumplir\u00e1 su deseo.<\/p>\n","protected":false},"excerpt":{"rendered":"<p>Ocurre que el presidente del Bar\u00e7a, Sandro Rosell, hab\u00eda dicho que su intenci\u00f3n era que Lio \u00abse retire en el Barcelona\u00bb. Pero, consultado al respecto, \u201cLa Pulga\u201d hab\u00eda dicho: \u00abDe momento estoy bien aqu\u00ed, luego ya se ver\u00e1\u00bb.Luego resolvi\u00f3 el enigma y dej\u00f3 a m\u00e1s de uno sorprendido. \u00abEn Barcelona estoy genial, perfecto, y en [&hellip;]<\/p>\n","protected":false},"author":2,"featured_media":0,"comment_status":"open","ping_status":"open","sticky":false,"template":"","format":"standard","meta":{"_et_pb_use_builder":"","_et_pb_old_content":"","_et_gb_content_width":"","footnotes":""},"categories":[14,50],"tags":[],"class_list":["post-14186","post","type-post","status-publish","format-standard","hentry","category-deportes","category-futbol-internacional-2"],"_links":{"self":[{"href":"https:\/\/vocesdebaires.com.ar\/index.php\/wp-json\/wp\/v2\/posts\/14186"}],"collection":[{"href":"https:\/\/vocesdebaires.com.ar\/index.php\/wp-json\/wp\/v2\/posts"}],"about":[{"href":"https:\/\/vocesdebaires.com.ar\/index.php\/wp-json\/wp\/v2\/types\/post"}],"author":[{"embeddable":true,"href":"https:\/\/vocesdebaires.com.ar\/index.php\/wp-json\/wp\/v2\/users\/2"}],"replies":[{"embeddable":true,"href":"https:\/\/vocesdebaires.com.ar\/index.php\/wp-json\/wp\/v2\/comments?post=14186"}],"version-history":[{"count":0,"href":"https:\/\/vocesdebaires.com.ar\/index.php\/wp-json\/wp\/v2\/posts\/14186\/revisions"}],"wp:attachment":[{"href":"https:\/\/vocesdebaires.com.ar\/index.php\/wp-json\/wp\/v2\/media?parent=14186"}],"wp:term":[{"taxonomy":"category","embeddable":true,"href":"https:\/\/vocesdebaires.com.ar\/index.php\/wp-json\/wp\/v2\/categories?post=14186"},{"taxonomy":"post_tag","embeddable":true,"href":"https:\/\/vocesdebaires.com.ar\/index.php\/wp-json\/wp\/v2\/tags?post=14186"}],"curies":[{"name":"wp","href":"https:\/\/api.w.org\/{rel}","templated":true}]}}