{"id":14210,"date":"2012-02-05T14:07:26","date_gmt":"2012-02-05T17:07:26","guid":{"rendered":"http:\/\/vocesdebaires.com.ar\/wordpress\/index.php\/2012\/02\/05\/congreso-extraordinario-de-la-conmebol\/"},"modified":"2012-02-05T14:07:26","modified_gmt":"2012-02-05T17:07:26","slug":"congreso-extraordinario-de-la-conmebol","status":"publish","type":"post","link":"https:\/\/vocesdebaires.com.ar\/index.php\/2012\/02\/05\/congreso-extraordinario-de-la-conmebol\/","title":{"rendered":"Congreso Extraordinario de la Conmebol"},"content":{"rendered":"<p>El c\u00f3nclave se realizar\u00e1 en la sede de la Confederaci\u00f3n Sudamericana, en Luque (Gran Asunci\u00f3n), Paraguay. El Dr. Manuel Burga, presidente de la Federaci\u00f3n Peruana, fue designado -en la Reuni\u00f3n del Comit\u00e9 Ejecutivo del pasado 24 de noviembre- para revisar y redactar las modificaciones a la carta organica de la Conmebol.El Orden del D\u00eda del Congreso Extraordinario se dar\u00e1 a conocer a la brevedad.<\/p>\n","protected":false},"excerpt":{"rendered":"<p>El c\u00f3nclave se realizar\u00e1 en la sede de la Confederaci\u00f3n Sudamericana, en Luque (Gran Asunci\u00f3n), Paraguay. El Dr. Manuel Burga, presidente de la Federaci\u00f3n Peruana, fue designado -en la Reuni\u00f3n del Comit\u00e9 Ejecutivo del pasado 24 de noviembre- para revisar y redactar las modificaciones a la carta organica de la Conmebol.El Orden del D\u00eda del [&hellip;]<\/p>\n","protected":false},"author":2,"featured_media":14211,"comment_status":"open","ping_status":"open","sticky":false,"template":"","format":"standard","meta":{"_et_pb_use_builder":"","_et_pb_old_content":"","_et_gb_content_width":"","footnotes":""},"categories":[14,50],"tags":[],"class_list":["post-14210","post","type-post","status-publish","format-standard","has-post-thumbnail","hentry","category-deportes","category-futbol-internacional-2"],"_links":{"self":[{"href":"https:\/\/vocesdebaires.com.ar\/index.php\/wp-json\/wp\/v2\/posts\/14210"}],"collection":[{"href":"https:\/\/vocesdebaires.com.ar\/index.php\/wp-json\/wp\/v2\/posts"}],"about":[{"href":"https:\/\/vocesdebaires.com.ar\/index.php\/wp-json\/wp\/v2\/types\/post"}],"author":[{"embeddable":true,"href":"https:\/\/vocesdebaires.com.ar\/index.php\/wp-json\/wp\/v2\/users\/2"}],"replies":[{"embeddable":true,"href":"https:\/\/vocesdebaires.com.ar\/index.php\/wp-json\/wp\/v2\/comments?post=14210"}],"version-history":[{"count":0,"href":"https:\/\/vocesdebaires.com.ar\/index.php\/wp-json\/wp\/v2\/posts\/14210\/revisions"}],"wp:featuredmedia":[{"embeddable":true,"href":"https:\/\/vocesdebaires.com.ar\/index.php\/wp-json\/wp\/v2\/media\/14211"}],"wp:attachment":[{"href":"https:\/\/vocesdebaires.com.ar\/index.php\/wp-json\/wp\/v2\/media?parent=14210"}],"wp:term":[{"taxonomy":"category","embeddable":true,"href":"https:\/\/vocesdebaires.com.ar\/index.php\/wp-json\/wp\/v2\/categories?post=14210"},{"taxonomy":"post_tag","embeddable":true,"href":"https:\/\/vocesdebaires.com.ar\/index.php\/wp-json\/wp\/v2\/tags?post=14210"}],"curies":[{"name":"wp","href":"https:\/\/api.w.org\/{rel}","templated":true}]}}