{"id":14212,"date":"2012-02-05T14:07:26","date_gmt":"2012-02-05T17:07:26","guid":{"rendered":"http:\/\/vocesdebaires.com.ar\/wordpress\/index.php\/2012\/02\/05\/pico-en-punta-en-vina-del-mar\/"},"modified":"2012-02-05T14:07:26","modified_gmt":"2012-02-05T17:07:26","slug":"pico-en-punta-en-vina-del-mar","status":"publish","type":"post","link":"https:\/\/vocesdebaires.com.ar\/index.php\/2012\/02\/05\/pico-en-punta-en-vina-del-mar\/","title":{"rendered":"Pico en punta en Vi\u00f1a del Mar"},"content":{"rendered":"<p>Juan Ignacio Chela jugar\u00e1 ante su compatriota Horacio Zeballos, por los octavos de final.<br \/>\nJuan M\u00f3naco quiere reencontrarse con su mejor nivel luego de una temporada opacada por las lesiones.<br \/>\nEn su debut en el ATP 250 de Vi\u00f1a del Mar Pico consigui\u00f3 un importante triunfo para su confianza al derrotar con total facilidad al ruso Igor Andreev por 6-2 y 6-1.<br \/>\nDe esta manera, M\u00f3naco se enfrentar\u00e1 en cuartos de final ante el espa\u00f1ol Albert Monta\u00f1es, quien venci\u00f3 al brasile\u00f1o Rogerio Dutra Silva por 7-5 y 6-2.Por otra parte, Leonardo Mayer no corri\u00f3 la misma suerte que Pico.<br \/>\nEl correntino no pudo repetir la buena actuaci\u00f3n de su debut ante el colombiano Santiago Giraldo y cay\u00f3 ante el franc\u00e9s Jeremy Chardy por 7-5 y 6-2.<br \/>\nPor su parte, Juan Ignacio Chela, 25to. en el ranking mundial de la ATP y segundo favorito al t\u00edtulo en Vi\u00f1a del Mar, debutar\u00e1 hoy alrededor de las 20.45 directamente en octavos ante el marplatense Zeballos (113), quien elimin\u00f3 en la ronda inicial al rumano Adri\u00e1n Ungur (107).<br \/>\nEl certamen chileno repartir\u00e1 premios por 398.250 d\u00f3lares, fue ganado el pasado por el espa\u00f1ol Tommy Robredo y a lo largo de su historia tuvo cinco campeones argentinos.<\/p>\n","protected":false},"excerpt":{"rendered":"<p>Juan Ignacio Chela jugar\u00e1 ante su compatriota Horacio Zeballos, por los octavos de final. Juan M\u00f3naco quiere reencontrarse con su mejor nivel luego de una temporada opacada por las lesiones. En su debut en el ATP 250 de Vi\u00f1a del Mar Pico consigui\u00f3 un importante triunfo para su confianza al derrotar con total facilidad al [&hellip;]<\/p>\n","protected":false},"author":2,"featured_media":14213,"comment_status":"open","ping_status":"open","sticky":false,"template":"","format":"standard","meta":{"_et_pb_use_builder":"","_et_pb_old_content":"","_et_gb_content_width":"","footnotes":""},"categories":[14,51],"tags":[],"class_list":["post-14212","post","type-post","status-publish","format-standard","has-post-thumbnail","hentry","category-deportes","category-tenis"],"_links":{"self":[{"href":"https:\/\/vocesdebaires.com.ar\/index.php\/wp-json\/wp\/v2\/posts\/14212"}],"collection":[{"href":"https:\/\/vocesdebaires.com.ar\/index.php\/wp-json\/wp\/v2\/posts"}],"about":[{"href":"https:\/\/vocesdebaires.com.ar\/index.php\/wp-json\/wp\/v2\/types\/post"}],"author":[{"embeddable":true,"href":"https:\/\/vocesdebaires.com.ar\/index.php\/wp-json\/wp\/v2\/users\/2"}],"replies":[{"embeddable":true,"href":"https:\/\/vocesdebaires.com.ar\/index.php\/wp-json\/wp\/v2\/comments?post=14212"}],"version-history":[{"count":0,"href":"https:\/\/vocesdebaires.com.ar\/index.php\/wp-json\/wp\/v2\/posts\/14212\/revisions"}],"wp:featuredmedia":[{"embeddable":true,"href":"https:\/\/vocesdebaires.com.ar\/index.php\/wp-json\/wp\/v2\/media\/14213"}],"wp:attachment":[{"href":"https:\/\/vocesdebaires.com.ar\/index.php\/wp-json\/wp\/v2\/media?parent=14212"}],"wp:term":[{"taxonomy":"category","embeddable":true,"href":"https:\/\/vocesdebaires.com.ar\/index.php\/wp-json\/wp\/v2\/categories?post=14212"},{"taxonomy":"post_tag","embeddable":true,"href":"https:\/\/vocesdebaires.com.ar\/index.php\/wp-json\/wp\/v2\/tags?post=14212"}],"curies":[{"name":"wp","href":"https:\/\/api.w.org\/{rel}","templated":true}]}}