{"id":1423,"date":"2020-07-10T03:15:31","date_gmt":"2020-07-10T06:15:31","guid":{"rendered":"http:\/\/vocesdebaires.com.ar\/wordpress\/index.php\/2020\/07\/10\/robaron-partes-de-un-monumento-de-evita\/"},"modified":"2020-07-10T03:15:31","modified_gmt":"2020-07-10T06:15:31","slug":"robaron-partes-de-un-monumento-de-evita","status":"publish","type":"post","link":"https:\/\/vocesdebaires.com.ar\/index.php\/2020\/07\/10\/robaron-partes-de-un-monumento-de-evita\/","title":{"rendered":"Robaron partes de un monumento de Evita"},"content":{"rendered":"<p>Debido a la cuarentena por la pandemia de coronavirus, los cementerios de la Ciudad de Buenos Aires permanecen cerrados para el p\u00fablico. Sin embargo, la emblem\u00e1tica necr\u00f3polis ubicada en el barrio de Chacarita fue v\u00edctima de actos de vandalismo. Desde el cementerio denunciaron el robo de una placa ubicada en el cenotafio de Mar\u00eda Eva Duarte de Per\u00f3n, Evita. Adem\u00e1s, seg\u00fan detalla Clar\u00edn, se llevaron un busto de Isaac Rojas que se encontraba junto al portal de ingreso al Pante\u00f3n A del Centro Naval.<\/p>\n<p>El cenotafio de Evita ya hab\u00eda sido vandalizado en febrero de 2017, cuando fue robado su busto. Luego, en mayo de ese mismo a\u00f1o, tambi\u00e9n desapareci\u00f3 el busto de Jos\u00e9 Ignacio Rucci, ex secretario general de la CGT, cercano a Juan Domingo Per\u00f3n. El cementerio de Chacarita, que naci\u00f3 durante la epidemia de fiebre amarilla en 1871, es el m\u00e1s grande de la Ciudad, con una superficie de 95 hect\u00e1reas. En estos momentos, la seguridad del lugar est\u00e1 a cargo de la empresa privada Murata.Desde la Polic\u00eda de la Ciudad aseguraron que no ten\u00edan informaci\u00f3n sobre los hechos porque no se realizaron las denuncias correspondientes. En tanto, desde el Gobierno porte\u00f1o no aportaron datos sobre el tema. <a><\/a><\/p>\n","protected":false},"excerpt":{"rendered":"<p>Debido a la cuarentena por la pandemia de coronavirus, los cementerios de la Ciudad de Buenos Aires permanecen cerrados para el p\u00fablico. Sin embargo, la emblem\u00e1tica necr\u00f3polis ubicada en el barrio de Chacarita fue v\u00edctima de actos de vandalismo. Desde el cementerio denunciaron el robo de una placa ubicada en el cenotafio de Mar\u00eda Eva [&hellip;]<\/p>\n","protected":false},"author":1,"featured_media":1424,"comment_status":"open","ping_status":"open","sticky":false,"template":"","format":"standard","meta":{"_et_pb_use_builder":"","_et_pb_old_content":"","_et_gb_content_width":"","footnotes":""},"categories":[11,33],"tags":[],"class_list":["post-1423","post","type-post","status-publish","format-standard","has-post-thumbnail","hentry","category-ciudad","category-sociedad-y-cultura-2"],"_links":{"self":[{"href":"https:\/\/vocesdebaires.com.ar\/index.php\/wp-json\/wp\/v2\/posts\/1423"}],"collection":[{"href":"https:\/\/vocesdebaires.com.ar\/index.php\/wp-json\/wp\/v2\/posts"}],"about":[{"href":"https:\/\/vocesdebaires.com.ar\/index.php\/wp-json\/wp\/v2\/types\/post"}],"author":[{"embeddable":true,"href":"https:\/\/vocesdebaires.com.ar\/index.php\/wp-json\/wp\/v2\/users\/1"}],"replies":[{"embeddable":true,"href":"https:\/\/vocesdebaires.com.ar\/index.php\/wp-json\/wp\/v2\/comments?post=1423"}],"version-history":[{"count":0,"href":"https:\/\/vocesdebaires.com.ar\/index.php\/wp-json\/wp\/v2\/posts\/1423\/revisions"}],"wp:featuredmedia":[{"embeddable":true,"href":"https:\/\/vocesdebaires.com.ar\/index.php\/wp-json\/wp\/v2\/media\/1424"}],"wp:attachment":[{"href":"https:\/\/vocesdebaires.com.ar\/index.php\/wp-json\/wp\/v2\/media?parent=1423"}],"wp:term":[{"taxonomy":"category","embeddable":true,"href":"https:\/\/vocesdebaires.com.ar\/index.php\/wp-json\/wp\/v2\/categories?post=1423"},{"taxonomy":"post_tag","embeddable":true,"href":"https:\/\/vocesdebaires.com.ar\/index.php\/wp-json\/wp\/v2\/tags?post=1423"}],"curies":[{"name":"wp","href":"https:\/\/api.w.org\/{rel}","templated":true}]}}