{"id":1427,"date":"2020-07-09T16:45:41","date_gmt":"2020-07-09T19:45:41","guid":{"rendered":"http:\/\/vocesdebaires.com.ar\/wordpress\/index.php\/2020\/07\/09\/ciudad-se-anuncio-plan-de-testeos-rapidos\/"},"modified":"2020-07-09T16:45:41","modified_gmt":"2020-07-09T19:45:41","slug":"ciudad-se-anuncio-plan-de-testeos-rapidos","status":"publish","type":"post","link":"https:\/\/vocesdebaires.com.ar\/index.php\/2020\/07\/09\/ciudad-se-anuncio-plan-de-testeos-rapidos\/","title":{"rendered":"Ciudad se anunci\u00f3 plan de testeos r\u00e1pidos"},"content":{"rendered":"<p>El acto de lanzamiento se realiz\u00f3 en el edificio de la Superintendencia de Polic\u00eda Cient\u00edfica de la Polic\u00eda de la Ciudad, en el Barrio 31, de Retiro, y cont\u00f3 con las presencias de Diego Santilli, vicejefe de Gobierno porte\u00f1o a cargo del Ministerio de Justicia y Seguridad, Fern\u00e1n Quir\u00f3s, ministro de Salud, y Juan Jos\u00e9 M\u00e9ndez, secretario de Transporte y Obras P\u00fablicas.\u00bbEstamos dando un paso muy importante. Hoy vinimos a trabajar sobre 30 mil hombres y mujeres de la fuerza de la Polic\u00eda de la Ciudad de Buenos Aires, de los Bomberos de la Ciudad de Buenos Aires, del Cuerpo de Tr\u00e1nsito y el Cuerpo de Agentes de Prevenci\u00f3n. Es muy importante seguir avanzando en el testeo serol\u00f3gico, el objetivo es cuidar a qui\u00e9nes nos cuidan. Hoy empezamos en un grupo muy importante, ya lo hicimos con salud, ya lo hicimos con los trabajadores de los geri\u00e1tricos y ahora estamos entrando a todos los componentes de las fuerzas, cuidar a qui\u00e9nes nos cuidan\u00bb, expres\u00f3 Santilli.<\/p>\n<p>El vicejefe de Gobierno porte\u00f1o afirm\u00f3: \u00abVamos a realizar los testeos cada diez d\u00edas esperando resultados. Hoy tenemos 438 hombres y mujeres que dieron positivo en la fuerza y hay 450 aislados esperando resultado. Esta ma\u00f1ana testeamos unas 200 personas y s\u00f3lo 2 dieron positivo\u00bb. \u00abQuiero aprovechar para agradecer el esfuerzo que hace la UBA, con los voluntarios y sus equipos de la Facultad de Medicina, que nos acompa\u00f1a en todo esto\u00bb, destac\u00f3. Por su parte, Quir\u00f3s sostuvo: \u00abAc\u00e1 estamos iniciando el operativo de testeo serol\u00f3gico sistem\u00e1tico en todas las fuerzas de seguridad de la Ciudad de Buenos Aires, mecanismo que ya hemos implementado en todo el sistema de salud y en todos los geri\u00e1tricos\u00bb.<\/p>\n<p>Y agreg\u00f3: \u00abEs un mecanismo muy importante porque lo que hacemos es buscar a las personas que hayan tenido la respuesta serol\u00f3gica, no solamente para poder identificar qui\u00e9nes tienen la enfermedad, si no adem\u00e1s para las personas que trabajan con ellos, estar seguros y hacerles la PCR que corresponden. Seguimos con el programa Detectar en el territorio, en la sociedad y el mecanismo de testeo r\u00e1pido en todos los trabajadores esenciales de la Ciudad de Buenos Aires, seguimos este esfuerzo enorme que estamos haciendo entre todos para poder cortar la circulaci\u00f3n del virus en nuestra Ciudad\u00bb.<br \/>A continuaci\u00f3n, se detallan los principales puntos del programa de testeo al personal que compone el Sistema Integral de Seguridad P\u00fablica:<\/p>\n<p>Personal a testear:<br \/>Polic\u00eda de la Ciudad.<br \/>Cuerpo de Bomberos.<br \/>Agentes de Prevenci\u00f3n.<br \/>Agentes de Tr\u00e1nsito.<\/p>\n<p>Abordaje:<br \/>Se realizar\u00e1 el testeo a cada persona cada quince d\u00edas hasta la finalizaci\u00f3n de la cuarentena por el Covid-19.<br \/>Se realizar\u00e1n 3.000 testeos diarios para todo el personal de Seguridad (m\u00e1s de 30 mil personas).<br \/>Se har\u00e1n en 118 sedes rotativas de lunes a viernes, en tres turnos, y dos sedes fijas de lunes a viernes.<br \/>Los hisopados que correspondan se realizar\u00e1n de martes a s\u00e1bados.<\/p>\n<p>Objetivos:<br \/>Implementar un m\u00e9todo r\u00e1pido en el personal de Seguridad asintom\u00e1tico en sus distintas dependencias de Seguridad.<br \/>Prevenci\u00f3n y cuidado del personal.<br \/>Identificar el desarrollo de anticuerpos dentro del personal de Seguridad asintom\u00e1tico en seguimiento.<br \/>Fortalecer la prevenci\u00f3n e implementaci\u00f3n de intervenciones para disminuir la transmisi\u00f3n del Covid-19.<br \/>Identificar oportunidades de mejora en la implementaci\u00f3n del testeo r\u00e1pido con anticuerpos.<\/p>\n<p>Personal que realizar\u00e1 los testeos:<br \/>Personal bioqu\u00edmico.<br \/>Cuadrillas de testeo.<\/p>\n<p>Habr\u00e1 una capacitaci\u00f3n obligatoria a todos los encargados de realizar los test.<br \/>La capacitaci\u00f3n ser\u00e1 de forma virtual y contar\u00e1 con una instancia de evaluaci\u00f3n.<\/p>\n<p>La Universidad de Buenos Aires (UBA) ser\u00e1 la responsable de garantizar que todo el personal haya hecho la capacitaci\u00f3n.<\/p>\n<p>Materiales:<br \/>Kits de detecci\u00f3n de anticuerpos para Covid-19, basados en t\u00e9cnica de punci\u00f3n digital.<\/p>\n<p>Procedimiento:<br \/>La persona se realiza el testeo e inmediatamente vuelve a su domicilio.<br \/>los resultados ser\u00e1n informados telef\u00f3nicamente y en caso de ser necesario se lo cita para el hisopado.<br \/>Se har\u00e1 un seguimiento de los casos positivos, seg\u00fan protocolo vigente del Ministerio de Salud.<\/p>\n<p>Acciones ante Resultados:<br \/>Positivo: se fija una cita para el hisopado nasofar\u00edngeo y se indica aislamiento domiciliario hasta el resultado.<br \/>Negativo: contin\u00faa su actividad habitual laboral.<br \/>Inv\u00e1lido: se repetir\u00e1 el proceso de toma de muestra.<\/p>\n","protected":false},"excerpt":{"rendered":"<p>El acto de lanzamiento se realiz\u00f3 en el edificio de la Superintendencia de Polic\u00eda Cient\u00edfica de la Polic\u00eda de la Ciudad, en el Barrio 31, de Retiro, y cont\u00f3 con las presencias de Diego Santilli, vicejefe de Gobierno porte\u00f1o a cargo del Ministerio de Justicia y Seguridad, Fern\u00e1n Quir\u00f3s, ministro de Salud, y Juan Jos\u00e9 [&hellip;]<\/p>\n","protected":false},"author":1,"featured_media":1428,"comment_status":"open","ping_status":"open","sticky":false,"template":"","format":"standard","meta":{"_et_pb_use_builder":"","_et_pb_old_content":"","_et_gb_content_width":"","footnotes":""},"categories":[11,32],"tags":[],"class_list":["post-1427","post","type-post","status-publish","format-standard","has-post-thumbnail","hentry","category-ciudad","category-comunas"],"_links":{"self":[{"href":"https:\/\/vocesdebaires.com.ar\/index.php\/wp-json\/wp\/v2\/posts\/1427"}],"collection":[{"href":"https:\/\/vocesdebaires.com.ar\/index.php\/wp-json\/wp\/v2\/posts"}],"about":[{"href":"https:\/\/vocesdebaires.com.ar\/index.php\/wp-json\/wp\/v2\/types\/post"}],"author":[{"embeddable":true,"href":"https:\/\/vocesdebaires.com.ar\/index.php\/wp-json\/wp\/v2\/users\/1"}],"replies":[{"embeddable":true,"href":"https:\/\/vocesdebaires.com.ar\/index.php\/wp-json\/wp\/v2\/comments?post=1427"}],"version-history":[{"count":0,"href":"https:\/\/vocesdebaires.com.ar\/index.php\/wp-json\/wp\/v2\/posts\/1427\/revisions"}],"wp:featuredmedia":[{"embeddable":true,"href":"https:\/\/vocesdebaires.com.ar\/index.php\/wp-json\/wp\/v2\/media\/1428"}],"wp:attachment":[{"href":"https:\/\/vocesdebaires.com.ar\/index.php\/wp-json\/wp\/v2\/media?parent=1427"}],"wp:term":[{"taxonomy":"category","embeddable":true,"href":"https:\/\/vocesdebaires.com.ar\/index.php\/wp-json\/wp\/v2\/categories?post=1427"},{"taxonomy":"post_tag","embeddable":true,"href":"https:\/\/vocesdebaires.com.ar\/index.php\/wp-json\/wp\/v2\/tags?post=1427"}],"curies":[{"name":"wp","href":"https:\/\/api.w.org\/{rel}","templated":true}]}}