{"id":1435,"date":"2020-07-08T16:56:44","date_gmt":"2020-07-08T19:56:44","guid":{"rendered":"http:\/\/vocesdebaires.com.ar\/wordpress\/index.php\/2020\/07\/08\/informe-anual-sobre-la-cuenca-del-riachuelo\/"},"modified":"2020-07-08T16:56:44","modified_gmt":"2020-07-08T19:56:44","slug":"informe-anual-sobre-la-cuenca-del-riachuelo","status":"publish","type":"post","link":"https:\/\/vocesdebaires.com.ar\/index.php\/2020\/07\/08\/informe-anual-sobre-la-cuenca-del-riachuelo\/","title":{"rendered":"Informe anual sobre la cuenca del Riachuelo"},"content":{"rendered":"<p>La comisi\u00f3n de Ambiente de la Legislatura porte\u00f1a, que preside la legisladora Mercedes De las Casas (VJ), escuch\u00f3 ayer martes el informe anual sobre las acciones del gobierno local para la recuperaci\u00f3n de la cuenca Matanza \u2013 Riachuelo, en acci\u00f3n conjunta con la Provincia de Buenos Aires y el Estado nacional. La reuni\u00f3n se realiz\u00f3 por videoconferencia y previamente las autoridades del Poder Ejecutivo hab\u00edan remitido a la Legislatura informes escritos y documentaci\u00f3n sobre la tem\u00e1tica. Una s\u00edntesis fue expuesta ante los diputados de la Ciudad por el subsecretario de Asuntos Interjurisdiccionales de Pol\u00edtica Metropolitana, Fernando Galetto, acompa\u00f1ado de manera remota por funcionarios de diversas \u00e1reas gubernamentales. Tras su exposici\u00f3n, Galetto respondi\u00f3 preguntas de los legisladores porte\u00f1os.<\/p>\n<p>En la recomposici\u00f3n socio ambiental de la Cuenca del Riachuelo intervienen los ministerios de Espacio P\u00fablico e Higiene, Educaci\u00f3n, Salud, Desarrollo Humano y H\u00e1bitat, Hacienda y Finanzas y el Instituto de la Vivienda.Acompa\u00f1ado por gr\u00e1ficos, Galetto notific\u00f3 cuestiones presupuestarias, el estado de obras, la acci\u00f3n social, el control de industrias y el monitoreo de contaminaci\u00f3n en aire y agua e hizo hincapi\u00e9 en que el Estado metropolitano ha aumentado todos los a\u00f1os los recursos asignados para esta vasta tarea de saneamiento.<\/p>\n<p>De toda la cuenca de los r\u00edos de la Matanza y Riachuelo, la Capital Federal solo tiene el 4% de su superficie, pero concentra el 20% de la poblaci\u00f3n. A su vez, dentro de la propia jurisdicci\u00f3n capitalina, la cuenca se extiende sobre un tercio de su territorio, donde vive el 27% de los habitantes porte\u00f1os. Adem\u00e1s de los ya mencionados, participaron de la reuni\u00f3n de la Comisi\u00f3n de Ambiente los legisladores Carolina Estebarena, Natalia Fidel, Daniel Del Sol y Guillermo Su\u00e1rez (VJ); Luc\u00eda C\u00e1mpora, Cecilia Segura y Victoria Montenegro (FdT); Manuela Thourte (UCR) y Alejandrina Barry (FI).<\/p>\n","protected":false},"excerpt":{"rendered":"<p>La comisi\u00f3n de Ambiente de la Legislatura porte\u00f1a, que preside la legisladora Mercedes De las Casas (VJ), escuch\u00f3 ayer martes el informe anual sobre las acciones del gobierno local para la recuperaci\u00f3n de la cuenca Matanza \u2013 Riachuelo, en acci\u00f3n conjunta con la Provincia de Buenos Aires y el Estado nacional. La reuni\u00f3n se realiz\u00f3 [&hellip;]<\/p>\n","protected":false},"author":1,"featured_media":1436,"comment_status":"open","ping_status":"open","sticky":false,"template":"","format":"standard","meta":{"_et_pb_use_builder":"","_et_pb_old_content":"","_et_gb_content_width":"","footnotes":""},"categories":[11,32],"tags":[],"class_list":["post-1435","post","type-post","status-publish","format-standard","has-post-thumbnail","hentry","category-ciudad","category-comunas"],"_links":{"self":[{"href":"https:\/\/vocesdebaires.com.ar\/index.php\/wp-json\/wp\/v2\/posts\/1435"}],"collection":[{"href":"https:\/\/vocesdebaires.com.ar\/index.php\/wp-json\/wp\/v2\/posts"}],"about":[{"href":"https:\/\/vocesdebaires.com.ar\/index.php\/wp-json\/wp\/v2\/types\/post"}],"author":[{"embeddable":true,"href":"https:\/\/vocesdebaires.com.ar\/index.php\/wp-json\/wp\/v2\/users\/1"}],"replies":[{"embeddable":true,"href":"https:\/\/vocesdebaires.com.ar\/index.php\/wp-json\/wp\/v2\/comments?post=1435"}],"version-history":[{"count":0,"href":"https:\/\/vocesdebaires.com.ar\/index.php\/wp-json\/wp\/v2\/posts\/1435\/revisions"}],"wp:featuredmedia":[{"embeddable":true,"href":"https:\/\/vocesdebaires.com.ar\/index.php\/wp-json\/wp\/v2\/media\/1436"}],"wp:attachment":[{"href":"https:\/\/vocesdebaires.com.ar\/index.php\/wp-json\/wp\/v2\/media?parent=1435"}],"wp:term":[{"taxonomy":"category","embeddable":true,"href":"https:\/\/vocesdebaires.com.ar\/index.php\/wp-json\/wp\/v2\/categories?post=1435"},{"taxonomy":"post_tag","embeddable":true,"href":"https:\/\/vocesdebaires.com.ar\/index.php\/wp-json\/wp\/v2\/tags?post=1435"}],"curies":[{"name":"wp","href":"https:\/\/api.w.org\/{rel}","templated":true}]}}