{"id":1442,"date":"2020-07-08T16:11:50","date_gmt":"2020-07-08T19:11:50","guid":{"rendered":"http:\/\/vocesdebaires.com.ar\/wordpress\/index.php\/2020\/07\/08\/operativo-detectar-movil-funciona-en-15-barrios\/"},"modified":"2020-07-08T16:11:50","modified_gmt":"2020-07-08T19:11:50","slug":"operativo-detectar-movil-funciona-en-15-barrios","status":"publish","type":"post","link":"https:\/\/vocesdebaires.com.ar\/index.php\/2020\/07\/08\/operativo-detectar-movil-funciona-en-15-barrios\/","title":{"rendered":"Operativo DetectAR M\u00f3vil, funciona en 15 barrios"},"content":{"rendered":"<p>En el marco del Operativo DetectAR que lleva adelante la Ciudad en conjunto con el Gobierno Nacional, este lunes inici\u00f3 la b\u00fasqueda activa de casos de coronavirus en San Crist\u00f3bal. Gracias a los 12 dispositivos, que tambi\u00e9n abarcan los barrios de Balvanera, Flores, La Boca, Constituci\u00f3n, Barracas, Almagro, Palermo, Soldati, Nueva Pompeya, Lugano, La Paternal, Chacarita, Parque Chacabuco y Boedo, en total ya se teste\u00f3 a 2.990 vecinos, 1.216 de los cuales fueron positivos.<\/p>\n<p>El objetivo es identificar de manera temprana a los \u2018contactos estrechos\u2019 de las personas recientemente confirmadas con COVID-19, evaluarlos y lograr mitigar la contagiosidad del virus. Aquellos que presentan s\u00edntomas compatibles con la enfermedad permanecer\u00e1n aislados de manera preventiva a la espera del resultado. En caso de ser positivos, son trasladados seg\u00fan su necesidad de atenci\u00f3n, de lo contrario, pueden regresar a su hogar.<\/p>\n<p>San Crist\u00f3bal es el barrio con m\u00e1s casos registrados en los \u00faltimos 5 d\u00edas. Los pr\u00f3ximos puntos ser\u00e1n seleccionados de acuerdo a la evoluci\u00f3n de los contagios a lo largo del territorio porte\u00f1o. En todos los casos, los dispositivos contin\u00faan funcionando con un equipo en territorio.La extensi\u00f3n de la pol\u00edtica p\u00fablica se decidi\u00f3 en base a los buenos resultados que se obtuvieron en aquellos lugares donde hoy ya funciona. Esta estrategia es la que m\u00e1s ha resultado en el mundo junto con el distanciamiento f\u00edsico en pos de la contenci\u00f3n de la transmisi\u00f3n del virus.<\/p>\n<p>Los resultados de DetectAR M\u00f3vil por barrio<br \/>San Crist\u00f3bal (inici\u00f3 el 6 de julio)<br \/>Personas hisopadas: 26.<br \/>Positivos: resultados pendientes<\/p>\n<p>Boedo (inici\u00f3 el 3 de julio)<br \/>Personas hisopadas: 32.<br \/>Positivos: 11<\/p>\n<p>Parque Chacabuco (inici\u00f3 el 1 de julio)<br \/>Personas hisopadas: 132.<br \/>Positivos: 41.<\/p>\n<p>Chacarita (inici\u00f3 el 29 de junio)<br \/>Personas hisopadas: 152.<br \/>Positivos: 38.<\/p>\n<p>La Paternal (inici\u00f3 el 27 de junio)<br \/>Personas hisopadas: 146.<br \/>Positivos: 68.<\/p>\n<p>Soldati, Villa Lugano y Nueva Pompeya (inici\u00f3 el 25 de junio)<br \/>Personas hisopadas: 155.<br \/>Positivos: 33.<\/p>\n<p>Palermo (inici\u00f3 el 23 de junio)<br \/>Personas hisopadas: 224.<br \/>Positivos: 79.<\/p>\n<p>Almagro (inici\u00f3 el 20 de junio)<br \/>Personas hisopadas: 331.<br \/>Positivos: 149.<\/p>\n<p>Barracas (inici\u00f3 el 18 de junio)<br \/>Personas hisopadas: 405.<br \/>Positivos: 169.<\/p>\n<p>Constituci\u00f3n (inici\u00f3 el 16 de junio)<br \/>Personas hisopadas: 271.<br \/>Positivos: 97.<\/p>\n<p>La Boca (inici\u00f3 el 13 de junio)<br \/>Personas hisopadas: 249.<br \/>Positivos: 102.<\/p>\n<p>Flores (inici\u00f3 el 10 de junio)<br \/>Personas hisopadas: 376.<br \/>Positivos: 153.<\/p>\n<p>Balvanera (inici\u00f3 el 6 de junio)<br \/>Personas hisopadas: 491.<br \/>Positivos: 276.<\/p>\n<p>A\u00fan hay test pendientes de an\u00e1lisis<\/p>\n","protected":false},"excerpt":{"rendered":"<p>En el marco del Operativo DetectAR que lleva adelante la Ciudad en conjunto con el Gobierno Nacional, este lunes inici\u00f3 la b\u00fasqueda activa de casos de coronavirus en San Crist\u00f3bal. Gracias a los 12 dispositivos, que tambi\u00e9n abarcan los barrios de Balvanera, Flores, La Boca, Constituci\u00f3n, Barracas, Almagro, Palermo, Soldati, Nueva Pompeya, Lugano, La Paternal, [&hellip;]<\/p>\n","protected":false},"author":1,"featured_media":1443,"comment_status":"open","ping_status":"open","sticky":false,"template":"","format":"standard","meta":{"_et_pb_use_builder":"","_et_pb_old_content":"","_et_gb_content_width":"","footnotes":""},"categories":[11,32],"tags":[],"class_list":["post-1442","post","type-post","status-publish","format-standard","has-post-thumbnail","hentry","category-ciudad","category-comunas"],"_links":{"self":[{"href":"https:\/\/vocesdebaires.com.ar\/index.php\/wp-json\/wp\/v2\/posts\/1442"}],"collection":[{"href":"https:\/\/vocesdebaires.com.ar\/index.php\/wp-json\/wp\/v2\/posts"}],"about":[{"href":"https:\/\/vocesdebaires.com.ar\/index.php\/wp-json\/wp\/v2\/types\/post"}],"author":[{"embeddable":true,"href":"https:\/\/vocesdebaires.com.ar\/index.php\/wp-json\/wp\/v2\/users\/1"}],"replies":[{"embeddable":true,"href":"https:\/\/vocesdebaires.com.ar\/index.php\/wp-json\/wp\/v2\/comments?post=1442"}],"version-history":[{"count":0,"href":"https:\/\/vocesdebaires.com.ar\/index.php\/wp-json\/wp\/v2\/posts\/1442\/revisions"}],"wp:featuredmedia":[{"embeddable":true,"href":"https:\/\/vocesdebaires.com.ar\/index.php\/wp-json\/wp\/v2\/media\/1443"}],"wp:attachment":[{"href":"https:\/\/vocesdebaires.com.ar\/index.php\/wp-json\/wp\/v2\/media?parent=1442"}],"wp:term":[{"taxonomy":"category","embeddable":true,"href":"https:\/\/vocesdebaires.com.ar\/index.php\/wp-json\/wp\/v2\/categories?post=1442"},{"taxonomy":"post_tag","embeddable":true,"href":"https:\/\/vocesdebaires.com.ar\/index.php\/wp-json\/wp\/v2\/tags?post=1442"}],"curies":[{"name":"wp","href":"https:\/\/api.w.org\/{rel}","templated":true}]}}