{"id":1450,"date":"2020-07-07T03:51:30","date_gmt":"2020-07-07T06:51:30","guid":{"rendered":"http:\/\/vocesdebaires.com.ar\/wordpress\/index.php\/2020\/07\/07\/lanzaron-el-programa-paraestarjuntos\/"},"modified":"2020-07-07T03:51:30","modified_gmt":"2020-07-07T06:51:30","slug":"lanzaron-el-programa-paraestarjuntos","status":"publish","type":"post","link":"https:\/\/vocesdebaires.com.ar\/index.php\/2020\/07\/07\/lanzaron-el-programa-paraestarjuntos\/","title":{"rendered":"Lanzaron el programa #ParaEstarJuntos"},"content":{"rendered":"<p>La ministra de Desarrollo Humano y H\u00e1bitat de GCBA, Mar\u00eda Migliore, junto al director mundial de la Fundaci\u00f3n Scholas Occurrentes, Jos\u00e9 Mar\u00eda del Corral, lanzaron el programa #ParaEstarJuntos en la Ciudad de Buenos Aires. El programa estar\u00e1 apuntado a los adultos mayores alojados en los cuatro Hogares de Residencia Permanente de la Ciudad: el hogar San Mart\u00edn, el hogar Guillermo Rawson, el hogar Mart\u00edn Rodr\u00edguez y el hogar Dr. Alejandro Raimondi.<\/p>\n<p>\u201cPara nosotros, este programa es muy importante porque nos permite acompa\u00f1ar a los adultos mayores durante esta emergencia conect\u00e1ndolos con el afuera. Es una ventana que los acerca a los afectos, a las emociones, al intercambio con los voluntarios de Scholas, a quienes les agradecemos much\u00edsimo su compromiso. Adem\u00e1s, este programa se suma a nuestras propuestas para que los 650 mil adultos mayores que viven en la Ciudad alcancen un envejecimiento activo y productivo\u201d, dijo la ministra Migliore.<\/p>\n<p>En estos espacios se les brinda una asistencia y acompa\u00f1amiento integral a las 1579 personas mayores que carecen de vivienda, cobertura social y\/o est\u00e1n en situaci\u00f3n de vulnerabilidad social, debido a la falta de una red de contenci\u00f3n o apoyo familiar. \u201cCuando lo que se aprende es la vida, los j\u00f3venes contagian la esperanza de sus sue\u00f1os a los adultos mayores y ellos la sabidur\u00eda de sus experiencias\u201d, dijo el profesor del Corral, director mundial de Scholas Occurrentes. El programa \u201cPara estar juntos\u201d busca paliar los efectos emocionales y cognitivos negativos que conlleva el aislamiento en los adultos mayores a trav\u00e9s de la realizaci\u00f3n de videollamadas entre adultos mayores con sus familias y con j\u00f3venes voluntarios de Scholas en distintas partes del mundo.<\/p>\n<p>La experiencia piloto en la Ciudad de Buenos Aires se hizo en el Hogar San Mart\u00edn y en las pr\u00f3ximas semanas llegar\u00e1 a otros hogares de la Ciudad. Los adultos mayores tuvieron encuentros virtuales con j\u00f3venes voluntarios de Scholas de pa\u00edses tan diversos como Honduras, Panam\u00e1, Estados Unidos, Espa\u00f1a, Argentina, Rep\u00fablica Dominicana y M\u00e9xico.  En el marco de la crisis del COVID 19, Scholas Occurrentes tambi\u00e9n desarroll\u00f3 este tipo de programas en otros pa\u00edses para acompa\u00f1ar a j\u00f3venes, docentes y padres.<\/p>\n<p>Acerca de Scholas:<br \/>Scholas Occurrentes es una organizaci\u00f3n Internacional de Derecho Pontificio presente en 190 pa\u00edses de los cinco continentes y que a trav\u00e9s de su red integra a medio mill\u00f3n de instituciones y redes educativas. Su misi\u00f3n es responder al llamado de crear la cultura del encuentro, reuniendo a los j\u00f3venes en una educaci\u00f3n que genere sentido.<\/p>\n","protected":false},"excerpt":{"rendered":"<p>La ministra de Desarrollo Humano y H\u00e1bitat de GCBA, Mar\u00eda Migliore, junto al director mundial de la Fundaci\u00f3n Scholas Occurrentes, Jos\u00e9 Mar\u00eda del Corral, lanzaron el programa #ParaEstarJuntos en la Ciudad de Buenos Aires. El programa estar\u00e1 apuntado a los adultos mayores alojados en los cuatro Hogares de Residencia Permanente de la Ciudad: el hogar [&hellip;]<\/p>\n","protected":false},"author":1,"featured_media":1451,"comment_status":"open","ping_status":"open","sticky":false,"template":"","format":"standard","meta":{"_et_pb_use_builder":"","_et_pb_old_content":"","_et_gb_content_width":"","footnotes":""},"categories":[11,33],"tags":[],"class_list":["post-1450","post","type-post","status-publish","format-standard","has-post-thumbnail","hentry","category-ciudad","category-sociedad-y-cultura-2"],"_links":{"self":[{"href":"https:\/\/vocesdebaires.com.ar\/index.php\/wp-json\/wp\/v2\/posts\/1450"}],"collection":[{"href":"https:\/\/vocesdebaires.com.ar\/index.php\/wp-json\/wp\/v2\/posts"}],"about":[{"href":"https:\/\/vocesdebaires.com.ar\/index.php\/wp-json\/wp\/v2\/types\/post"}],"author":[{"embeddable":true,"href":"https:\/\/vocesdebaires.com.ar\/index.php\/wp-json\/wp\/v2\/users\/1"}],"replies":[{"embeddable":true,"href":"https:\/\/vocesdebaires.com.ar\/index.php\/wp-json\/wp\/v2\/comments?post=1450"}],"version-history":[{"count":0,"href":"https:\/\/vocesdebaires.com.ar\/index.php\/wp-json\/wp\/v2\/posts\/1450\/revisions"}],"wp:featuredmedia":[{"embeddable":true,"href":"https:\/\/vocesdebaires.com.ar\/index.php\/wp-json\/wp\/v2\/media\/1451"}],"wp:attachment":[{"href":"https:\/\/vocesdebaires.com.ar\/index.php\/wp-json\/wp\/v2\/media?parent=1450"}],"wp:term":[{"taxonomy":"category","embeddable":true,"href":"https:\/\/vocesdebaires.com.ar\/index.php\/wp-json\/wp\/v2\/categories?post=1450"},{"taxonomy":"post_tag","embeddable":true,"href":"https:\/\/vocesdebaires.com.ar\/index.php\/wp-json\/wp\/v2\/tags?post=1450"}],"curies":[{"name":"wp","href":"https:\/\/api.w.org\/{rel}","templated":true}]}}