{"id":1460,"date":"2020-07-06T03:00:00","date_gmt":"2020-07-06T06:00:00","guid":{"rendered":"http:\/\/vocesdebaires.com.ar\/wordpress\/index.php\/2020\/07\/06\/puente-alsina-rescataron-un-hombre-queria-arrojarse\/"},"modified":"2020-07-06T03:00:00","modified_gmt":"2020-07-06T06:00:00","slug":"puente-alsina-rescataron-un-hombre-queria-arrojarse","status":"publish","type":"post","link":"https:\/\/vocesdebaires.com.ar\/index.php\/2020\/07\/06\/puente-alsina-rescataron-un-hombre-queria-arrojarse\/","title":{"rendered":"Puente Alsina: Rescataron un hombre quer\u00eda arrojarse"},"content":{"rendered":"<p>Personal de las estaciones II Patricios, IV Caballito y VI Villa Crespo, junto con efectivos del GER de los Bomberos de la Ciudad, en cooperaci\u00f3n con la Comisar\u00eda Vecinal 4B, asistieron a una persona, quien intent\u00f3 tirarse del Puente Alsina, en el acceso al barrio de Pompeya. El hecho ocurri\u00f3 cuando los Bomberos fueron alertados por un hombre que estaba sobre la estructura met\u00e1lica del puente, a ocho metros de altura, con intenciones de arrojarse al vac\u00edo.\u00a0 Los Bomberos asistieron r\u00e1pidamente al hombre y realizaron maniobras para contenerlo, lo que deriv\u00f3 en que finalmente pudieran descenderlo de las escaleras y fuera puesto a resguardo. La persona fue trasladada por el SAME al hospital Penna para realizarle un control integral de su salud.<\/p>\n","protected":false},"excerpt":{"rendered":"<p>Personal de las estaciones II Patricios, IV Caballito y VI Villa Crespo, junto con efectivos del GER de los Bomberos de la Ciudad, en cooperaci\u00f3n con la Comisar\u00eda Vecinal 4B, asistieron a una persona, quien intent\u00f3 tirarse del Puente Alsina, en el acceso al barrio de Pompeya. El hecho ocurri\u00f3 cuando los Bomberos fueron alertados [&hellip;]<\/p>\n","protected":false},"author":1,"featured_media":1461,"comment_status":"open","ping_status":"open","sticky":false,"template":"","format":"standard","meta":{"_et_pb_use_builder":"","_et_pb_old_content":"","_et_gb_content_width":"","footnotes":""},"categories":[11,32],"tags":[],"class_list":["post-1460","post","type-post","status-publish","format-standard","has-post-thumbnail","hentry","category-ciudad","category-comunas"],"_links":{"self":[{"href":"https:\/\/vocesdebaires.com.ar\/index.php\/wp-json\/wp\/v2\/posts\/1460"}],"collection":[{"href":"https:\/\/vocesdebaires.com.ar\/index.php\/wp-json\/wp\/v2\/posts"}],"about":[{"href":"https:\/\/vocesdebaires.com.ar\/index.php\/wp-json\/wp\/v2\/types\/post"}],"author":[{"embeddable":true,"href":"https:\/\/vocesdebaires.com.ar\/index.php\/wp-json\/wp\/v2\/users\/1"}],"replies":[{"embeddable":true,"href":"https:\/\/vocesdebaires.com.ar\/index.php\/wp-json\/wp\/v2\/comments?post=1460"}],"version-history":[{"count":0,"href":"https:\/\/vocesdebaires.com.ar\/index.php\/wp-json\/wp\/v2\/posts\/1460\/revisions"}],"wp:featuredmedia":[{"embeddable":true,"href":"https:\/\/vocesdebaires.com.ar\/index.php\/wp-json\/wp\/v2\/media\/1461"}],"wp:attachment":[{"href":"https:\/\/vocesdebaires.com.ar\/index.php\/wp-json\/wp\/v2\/media?parent=1460"}],"wp:term":[{"taxonomy":"category","embeddable":true,"href":"https:\/\/vocesdebaires.com.ar\/index.php\/wp-json\/wp\/v2\/categories?post=1460"},{"taxonomy":"post_tag","embeddable":true,"href":"https:\/\/vocesdebaires.com.ar\/index.php\/wp-json\/wp\/v2\/tags?post=1460"}],"curies":[{"name":"wp","href":"https:\/\/api.w.org\/{rel}","templated":true}]}}