{"id":14680,"date":"2012-06-29T18:52:51","date_gmt":"2012-06-29T21:52:51","guid":{"rendered":"http:\/\/vocesdebaires.com.ar\/wordpress\/index.php\/2012\/06\/29\/monaco-se-despidio-de-wimbledon\/"},"modified":"2012-06-29T18:52:51","modified_gmt":"2012-06-29T21:52:51","slug":"monaco-se-despidio-de-wimbledon","status":"publish","type":"post","link":"https:\/\/vocesdebaires.com.ar\/index.php\/2012\/06\/29\/monaco-se-despidio-de-wimbledon\/","title":{"rendered":"M\u00f3naco se despidi\u00f3 de Wimbledon"},"content":{"rendered":"<p>\u00a0<br \/>\n\u00a0<br \/>\nSabor agridulce de Juan M\u00f3naco en su despedida de Wimbledon. El tandilense, d\u00e9cimo cuarto preclasificado, cay\u00f3 7-5, 7-5 y 6-3 ante el serbio Viktor Troicki (34 del r\u00e1nking ATP) y qued\u00f3 eliminado en la tercera ronda de Wimbledon, en la que fue su mejor actuaci\u00f3n el m\u00edtico c\u00e9sped de Londres.\u201cPico\u201d, que nunca en su carrera hab\u00eda ganado un partido en el tercer Grand Slam del a\u00f1o, tuvo la oportunidad de quedarse con el primer set, cuando sac\u00f3 5-4. Sin embargo, el europeo encaden\u00f3 tres games seguidos y se llev\u00f3 el parcial inicial.Pese al golpe, el argentino sigui\u00f3 prendido y peleando cada pelota, pero ya no cont\u00f3 con chances concretas para incomodar a Troicki.Marcando territorio con un servicio s\u00f3lido y capitalizando los errores de un M\u00f3naco muy apurado para definir los puntos e impreciso con su derecha, el serbio mantuvo el dominio en el tercer parcial y cerr\u00f3 el partido con un 6-3 final.Con la derrota de M\u00f3naco, la ilusi\u00f3n argentina en el tradicional torneo brit\u00e1nico se centra \u00fanicamente en Juan Mart\u00edn Del Potro, quien ma\u00f1ana buscar\u00e1 avanzar a los octavos de final frente al japon\u00e9s Kei Nishikori (20).Los antecedentes entre Delpo (noveno preclasificado) y Nishikori favorecen al tandilense, que se impuso en las dos oportunidades en que se enfrentaron: en el Abierto de Estados Unidos 2008, por 6-3, 6-4 y 6-3; y en el ATP de San Jos\u00e9 2009, por 6-2 y 6-2.Sin embargo, la `Torre de Tandil\u00b4 no deber\u00e1 descuidarse ante un tenista en franco ascenso como el nip\u00f3n, due\u00f1o de una velocidad de piernas incre\u00edble que le permite llegar c\u00f3modo a todas las pelotas.<br \/>\n\u00a0<\/p>\n","protected":false},"excerpt":{"rendered":"<p>\u00a0 \u00a0 Sabor agridulce de Juan M\u00f3naco en su despedida de Wimbledon. El tandilense, d\u00e9cimo cuarto preclasificado, cay\u00f3 7-5, 7-5 y 6-3 ante el serbio Viktor Troicki (34 del r\u00e1nking ATP) y qued\u00f3 eliminado en la tercera ronda de Wimbledon, en la que fue su mejor actuaci\u00f3n el m\u00edtico c\u00e9sped de Londres.\u201cPico\u201d, que nunca en [&hellip;]<\/p>\n","protected":false},"author":2,"featured_media":14681,"comment_status":"open","ping_status":"open","sticky":false,"template":"","format":"standard","meta":{"_et_pb_use_builder":"","_et_pb_old_content":"","_et_gb_content_width":"","footnotes":""},"categories":[14,51],"tags":[],"class_list":["post-14680","post","type-post","status-publish","format-standard","has-post-thumbnail","hentry","category-deportes","category-tenis"],"_links":{"self":[{"href":"https:\/\/vocesdebaires.com.ar\/index.php\/wp-json\/wp\/v2\/posts\/14680"}],"collection":[{"href":"https:\/\/vocesdebaires.com.ar\/index.php\/wp-json\/wp\/v2\/posts"}],"about":[{"href":"https:\/\/vocesdebaires.com.ar\/index.php\/wp-json\/wp\/v2\/types\/post"}],"author":[{"embeddable":true,"href":"https:\/\/vocesdebaires.com.ar\/index.php\/wp-json\/wp\/v2\/users\/2"}],"replies":[{"embeddable":true,"href":"https:\/\/vocesdebaires.com.ar\/index.php\/wp-json\/wp\/v2\/comments?post=14680"}],"version-history":[{"count":0,"href":"https:\/\/vocesdebaires.com.ar\/index.php\/wp-json\/wp\/v2\/posts\/14680\/revisions"}],"wp:featuredmedia":[{"embeddable":true,"href":"https:\/\/vocesdebaires.com.ar\/index.php\/wp-json\/wp\/v2\/media\/14681"}],"wp:attachment":[{"href":"https:\/\/vocesdebaires.com.ar\/index.php\/wp-json\/wp\/v2\/media?parent=14680"}],"wp:term":[{"taxonomy":"category","embeddable":true,"href":"https:\/\/vocesdebaires.com.ar\/index.php\/wp-json\/wp\/v2\/categories?post=14680"},{"taxonomy":"post_tag","embeddable":true,"href":"https:\/\/vocesdebaires.com.ar\/index.php\/wp-json\/wp\/v2\/tags?post=14680"}],"curies":[{"name":"wp","href":"https:\/\/api.w.org\/{rel}","templated":true}]}}