{"id":14698,"date":"2012-06-30T18:48:45","date_gmt":"2012-06-30T21:48:45","guid":{"rendered":"http:\/\/vocesdebaires.com.ar\/wordpress\/index.php\/2012\/06\/30\/del-potro-se-reencontro-con-su-mejor-nivel\/"},"modified":"2012-06-30T18:48:45","modified_gmt":"2012-06-30T21:48:45","slug":"del-potro-se-reencontro-con-su-mejor-nivel","status":"publish","type":"post","link":"https:\/\/vocesdebaires.com.ar\/index.php\/2012\/06\/30\/del-potro-se-reencontro-con-su-mejor-nivel\/","title":{"rendered":"Del Potro se reencontr\u00f3 con su mejor nivel"},"content":{"rendered":"<p>\u00a0<br \/>\n\u00a0<br \/>\nJuan Mart\u00edn Del Potro se reencontr\u00f3 con su mejor tenis. Despu\u00e9s de sus dos las dos primeras victorias con cierta irregularidad en el juego, el tandilense no tuvo fisuras y aplast\u00f3 en set corridos al japon\u00e9s Kei Nishikori para avanzar a los octavos de final de Wimbledon\u00a0El encuentro que parec\u00eda el m\u00e1s dif\u00edcil del tandilense en el tercer Grand Slam del a\u00f1o coincidi\u00f3 con el nivel m\u00e1s alto del argentino, que termin\u00f3 superando al peligroso nip\u00f3n (20 del mundo) por 6-3, 7-6 (3) y 6-1 en dos horas y 23 minutos de juego.Delpo, noveno preclasificado y \u00fanico argentino que contin\u00faa en el certamen, se medir\u00e1 en la siguiente instancia ante el ganador del partido entre el espa\u00f1ol David Ferrer y el estadounidense Andy Roddick.A diferencia de la primera y segunda ronda, frente al holand\u00e9s Robin Haase y ante el tambi\u00e9n japon\u00e9s Go Soeda, frente a Nishikori se reencontr\u00f3 con su mejor tenis.El tandilense fue muy efectivo con el primer saque, con el que gan\u00f3 el 73 por ciento de los puntos que jug\u00f3, incluidos 12 aces, y agresivo con su derecha, desbordando constantemente a su rival.Con la victoria, Del Potro igual\u00f3 su mejor actuaci\u00f3n en el m\u00edtico certamen ingl\u00e9s, cuando en 2011 fue eliminado en octavos de final por el espa\u00f1ol Rafael Nadal, que lo venci\u00f3 por 7-6 (6), 3-6, 7-6(4) y 6-4.Adem\u00e1s, sus buenos rendimientos sobre c\u00e9sped le permiten sumar confianza de cara a otro gran objetivo de la temporada, los Juegos Ol\u00edmpicos de Londres, que se disputar\u00e1n en las mismas instalaciones.<br \/>\n\u00a0<\/p>\n","protected":false},"excerpt":{"rendered":"<p>\u00a0 \u00a0 Juan Mart\u00edn Del Potro se reencontr\u00f3 con su mejor tenis. Despu\u00e9s de sus dos las dos primeras victorias con cierta irregularidad en el juego, el tandilense no tuvo fisuras y aplast\u00f3 en set corridos al japon\u00e9s Kei Nishikori para avanzar a los octavos de final de Wimbledon\u00a0El encuentro que parec\u00eda el m\u00e1s dif\u00edcil [&hellip;]<\/p>\n","protected":false},"author":2,"featured_media":14699,"comment_status":"open","ping_status":"open","sticky":false,"template":"","format":"standard","meta":{"_et_pb_use_builder":"","_et_pb_old_content":"","_et_gb_content_width":"","footnotes":""},"categories":[14,51],"tags":[],"class_list":["post-14698","post","type-post","status-publish","format-standard","has-post-thumbnail","hentry","category-deportes","category-tenis"],"_links":{"self":[{"href":"https:\/\/vocesdebaires.com.ar\/index.php\/wp-json\/wp\/v2\/posts\/14698"}],"collection":[{"href":"https:\/\/vocesdebaires.com.ar\/index.php\/wp-json\/wp\/v2\/posts"}],"about":[{"href":"https:\/\/vocesdebaires.com.ar\/index.php\/wp-json\/wp\/v2\/types\/post"}],"author":[{"embeddable":true,"href":"https:\/\/vocesdebaires.com.ar\/index.php\/wp-json\/wp\/v2\/users\/2"}],"replies":[{"embeddable":true,"href":"https:\/\/vocesdebaires.com.ar\/index.php\/wp-json\/wp\/v2\/comments?post=14698"}],"version-history":[{"count":0,"href":"https:\/\/vocesdebaires.com.ar\/index.php\/wp-json\/wp\/v2\/posts\/14698\/revisions"}],"wp:featuredmedia":[{"embeddable":true,"href":"https:\/\/vocesdebaires.com.ar\/index.php\/wp-json\/wp\/v2\/media\/14699"}],"wp:attachment":[{"href":"https:\/\/vocesdebaires.com.ar\/index.php\/wp-json\/wp\/v2\/media?parent=14698"}],"wp:term":[{"taxonomy":"category","embeddable":true,"href":"https:\/\/vocesdebaires.com.ar\/index.php\/wp-json\/wp\/v2\/categories?post=14698"},{"taxonomy":"post_tag","embeddable":true,"href":"https:\/\/vocesdebaires.com.ar\/index.php\/wp-json\/wp\/v2\/tags?post=14698"}],"curies":[{"name":"wp","href":"https:\/\/api.w.org\/{rel}","templated":true}]}}